{"id":23743929,"date":"2024-01-16T10:31:33","date_gmt":"2024-01-16T08:31:33","guid":{"rendered":"https:\/\/www.ags-recordsmanagement.com\/fr\/?p=23743929"},"modified":"2025-06-19T12:08:43","modified_gmt":"2025-06-19T10:08:43","slug":"decryptage-archives-publiques","status":"publish","type":"post","link":"https:\/\/www.ags-recordsmanagement.com\/fr\/news\/decryptage-archives-publiques\/","title":{"rendered":"Que se cache-t-il derri\u00e8re les archives publiques ?"},"content":{"rendered":"\n<h2 class=\"wp-block-heading has-text-color has-link-color has-large-font-size wp-elements-1f44ce90461fe1d0b606558cd51154c9\" style=\"color:#2279fa;font-style:normal;font-weight:600\">Dans le Code du patrimoine, la d\u00e9finition des archives&nbsp;est tr\u00e8s large. <\/h2>\n\n\n\n<p>\u00ab Les archives sont l&rsquo;ensemble des documents, y compris les donn\u00e9es, quels que soient leur date, leur lieu de conservation, leur forme et leur support, produits ou re\u00e7us par toute personne physique ou morale et par tout service ou organisme public ou priv\u00e9 dans l&rsquo;exercice de leur activit\u00e9 \u00bb (article L211-1).<\/p>\n\n\n\n<p>De fait, les archives publiques ne concernent que les documents produits par les services publics, quel que soit leur date d\u2019\u00e9dition (qu\u2019ils soient r\u00e9cents ou non) ; \u00e0 savoir selon l\u2019article L 211-4 :<\/p>\n\n\n\n<ul class=\"wp-block-list\">\n<li>les documents qui proc\u00e8dent de l\u2019activit\u00e9 de l\u2019\u00c9tat, des collectivit\u00e9s territoriales, des \u00e9tablissements publics et des autres personnes morales de droit public,<\/li>\n\n\n\n<li>les documents qui proc\u00e8dent de la gestion d\u2019un service public ou de l\u2019exercice d\u2019une mission de service public par des personnes de droit priv\u00e9,<\/li>\n\n\n\n<li>les minutes et r\u00e9pertoires des officiers publics ou minist\u00e9riels et les registres de conventions notari\u00e9es de pacte civil de solidarit\u00e9.<\/li>\n<\/ul>\n\n\n\n<p>Ainsi, tout ce qui ne rel\u00e8ve pas des\u00a0<a href=\"https:\/\/www.ags-archivage.com\/news\/histoire-de-mots-archives-publiques\/\">archives publiques<\/a>\u00a0rel\u00e8ve en cons\u00e9quence des <a href=\"https:\/\/www.ags-archivage.com\/news\/une-histoire-de-mots-archive\/\" target=\"_blank\" rel=\"noreferrer noopener\">archives <\/a>priv\u00e9es.<\/p>\n\n\n\n<p><\/p>\n\n\n\n<p><\/p>\n\n\n\n<h3 class=\"wp-block-heading has-black-color has-text-color has-link-color has-medium-font-size wp-elements-571c092899d9d38e2a4dced0974187e1\"><strong>Gestion des documents : Dur\u00e9e d\u2019Utilit\u00e9 Administrative<\/strong><\/h3>\n\n\n\n<p>Les archivistes se basent sur la \u00ab th\u00e9orie des trois \u00e2ges \u00bb pour classer les archives en plusieurs cat\u00e9gories ; les archives courantes, les archives interm\u00e9diaires et les archives d\u00e9finitives. Les documents passent d\u2019une cat\u00e9gorie \u00e0 l\u2019autre en fonction de leur Dur\u00e9e d\u2019Utilit\u00e9 Administrative (DUA).<\/p>\n\n\n\n<p>Il s\u2019agit du d\u00e9lai minimal durant lequel les documents doivent \u00eatre conserv\u00e9s dans les locaux des \u00e9tablissements ou des services producteurs en tant qu\u2019archive courante ou interm\u00e9diaire.<\/p>\n\n\n\n<p>Depuis la d\u00e9cision du Conseil constitutionnel du 15 Septembre 2017, le droit d\u2019acc\u00e8s aux archives publiques poss\u00e8de une valeur constitutionnelle afin d\u2019assurer la transparence de la vie publique pr\u00e9vue par la D\u00e9claration des droits de l\u2019homme et du citoyen.<\/p>\n\n\n\n<p><strong>Vous souhaitez optimiser la gestion de vos archives publiques&nbsp;?&nbsp;<\/strong><a href=\"https:\/\/www.ags-archivage.com\/nous-contacter\/\"><strong>Contactez un de nos archivistes.<\/strong><\/a><\/p>\n","protected":false},"excerpt":{"rendered":"<p>Dans le Code du patrimoine, la d\u00e9finition des archives est tr\u00e8s large. \u00ab Les archives sont l&rsquo;ensemble des documents, y compris les donn\u00e9es, quels que soient leur date, leur lieu de conservation,<\/p>\n","protected":false},"author":4,"featured_media":23743930,"comment_status":"open","ping_status":"open","sticky":false,"template":"","format":"standard","meta":{"_acf_changed":false,"_et_pb_use_builder":"off","_et_pb_old_content":"<!-- wp:heading {\"style\":{\"elements\":{\"link\":{\"color\":{\"text\":\"var:preset|color|black\"}}}},\"textColor\":\"black\",\"fontSize\":\"medium\"} -->\n<h2 class=\"wp-block-heading has-black-color has-text-color has-link-color has-medium-font-size\"><strong>Dans le Code du patrimoine,&nbsp;<a style=\"color:#2ea3f2;\" href=\"https:\/\/www.ags-archivage.com\/news\/une-histoire-de-mots-archive\/\" target=\"_blank\" rel=\"noreferrer noopener\">la d\u00e9finition des archives<\/a>&nbsp;est tr\u00e8s large. \u00ab Les archives sont l'ensemble des documents, y compris les donn\u00e9es, quels que soient leur date, leur lieu de conservation, leur forme et leur support, produits ou re\u00e7us par toute personne physique ou morale et par tout service ou organisme public ou priv\u00e9 dans l'exercice de leur activit\u00e9 \u00bb (article L211-1).<\/strong><\/h2>\n<!-- \/wp:heading -->\n\n<!-- wp:paragraph -->\n<p>De fait, les archives publiques ne concernent que les documents produits par les services publics, quel que soit leur date d\u2019\u00e9dition (qu\u2019ils soient r\u00e9cents ou non) ; \u00e0 savoir selon l\u2019article L 211-4 :<\/p>\n<!-- \/wp:paragraph -->\n\n<!-- wp:list -->\n<ul><!-- wp:list-item -->\n<li>les documents qui proc\u00e8dent de l\u2019activit\u00e9 de l\u2019\u00c9tat, des collectivit\u00e9s territoriales, des \u00e9tablissements publics et des autres personnes morales de droit public,<\/li>\n<!-- \/wp:list-item -->\n\n<!-- wp:list-item -->\n<li>les documents qui proc\u00e8dent de la gestion d\u2019un service public ou de l\u2019exercice d\u2019une mission de service public par des personnes de droit priv\u00e9,<\/li>\n<!-- \/wp:list-item -->\n\n<!-- wp:list-item -->\n<li>les minutes et r\u00e9pertoires des officiers publics ou minist\u00e9riels et les registres de conventions notari\u00e9es de pacte civil de solidarit\u00e9.<\/li>\n<!-- \/wp:list-item --><\/ul>\n<!-- \/wp:list -->\n\n<!-- wp:paragraph -->\n<p>Ainsi, tout ce qui ne rel\u00e8ve pas des&nbsp;<a href=\"https:\/\/www.ags-archivage.com\/news\/histoire-de-mots-archives-publiques\/\">archives publiques<\/a>&nbsp;rel\u00e8ve en cons\u00e9quence des archives priv\u00e9es.<\/p>\n<!-- \/wp:paragraph -->\n\n<!-- wp:paragraph -->\n<p><\/p>\n<!-- \/wp:paragraph -->\n\n<!-- wp:paragraph -->\n<p><\/p>\n<!-- \/wp:paragraph -->\n\n<!-- wp:heading {\"style\":{\"elements\":{\"link\":{\"color\":{\"text\":\"var:preset|color|black\"}}}},\"textColor\":\"black\",\"fontSize\":\"medium\"} -->\n<h2 class=\"wp-block-heading has-black-color has-text-color has-link-color has-medium-font-size\"><strong>Gestion des documents : Dur\u00e9e d\u2019Utilit\u00e9 Administrative<\/strong><\/h2>\n<!-- \/wp:heading -->\n\n<!-- wp:paragraph -->\n<p>Les archivistes se basent sur la \u00ab th\u00e9orie des trois \u00e2ges \u00bb pour classer les archives en plusieurs cat\u00e9gories ; les archives courantes, les archives interm\u00e9diaires et les archives d\u00e9finitives. Les documents passent d\u2019une cat\u00e9gorie \u00e0 l\u2019autre en fonction de leur Dur\u00e9e d\u2019Utilit\u00e9 Administrative (DUA).<\/p>\n<!-- \/wp:paragraph -->\n\n<!-- wp:paragraph -->\n<p>Il s\u2019agit du d\u00e9lai minimal durant lequel les documents doivent \u00eatre conserv\u00e9s dans les locaux des \u00e9tablissements ou des services producteurs en tant qu\u2019archive courante ou interm\u00e9diaire.<\/p>\n<!-- \/wp:paragraph -->\n\n<!-- wp:paragraph -->\n<p>Depuis la d\u00e9cision du Conseil constitutionnel du 15 Septembre 2017, le droit d\u2019acc\u00e8s aux archives publiques poss\u00e8de une valeur constitutionnelle afin d\u2019assurer la transparence de la vie publique pr\u00e9vue par la D\u00e9claration des droits de l\u2019homme et du citoyen.<\/p>\n<!-- \/wp:paragraph -->\n\n<!-- wp:paragraph -->\n<p><strong>Vous souhaitez optimiser la gestion de vos archives publiques&nbsp;?&nbsp;<\/strong><a href=\"https:\/\/www.ags-archivage.com\/nous-contacter\/\"><strong>Contactez un de nos archivistes.<\/strong><\/a><\/p>\n<!-- \/wp:paragraph -->","_et_gb_content_width":"","footnotes":""},"categories":[1103],"tags":[],"subjects":[],"class_list":["post-23743929","post","type-post","status-publish","format-standard","has-post-thumbnail","hentry","category-archivage"],"acf":[],"_links":{"self":[{"href":"https:\/\/www.ags-recordsmanagement.com\/fr\/wp-json\/wp\/v2\/posts\/23743929"}],"collection":[{"href":"https:\/\/www.ags-recordsmanagement.com\/fr\/wp-json\/wp\/v2\/posts"}],"about":[{"href":"https:\/\/www.ags-recordsmanagement.com\/fr\/wp-json\/wp\/v2\/types\/post"}],"author":[{"embeddable":true,"href":"https:\/\/www.ags-recordsmanagement.com\/fr\/wp-json\/wp\/v2\/users\/4"}],"replies":[{"embeddable":true,"href":"https:\/\/www.ags-recordsmanagement.com\/fr\/wp-json\/wp\/v2\/comments?post=23743929"}],"version-history":[{"count":3,"href":"https:\/\/www.ags-recordsmanagement.com\/fr\/wp-json\/wp\/v2\/posts\/23743929\/revisions"}],"predecessor-version":[{"id":987520255,"href":"https:\/\/www.ags-recordsmanagement.com\/fr\/wp-json\/wp\/v2\/posts\/23743929\/revisions\/987520255"}],"wp:featuredmedia":[{"embeddable":true,"href":"https:\/\/www.ags-recordsmanagement.com\/fr\/wp-json\/wp\/v2\/media\/23743930"}],"wp:attachment":[{"href":"https:\/\/www.ags-recordsmanagement.com\/fr\/wp-json\/wp\/v2\/media?parent=23743929"}],"wp:term":[{"taxonomy":"category","embeddable":true,"href":"https:\/\/www.ags-recordsmanagement.com\/fr\/wp-json\/wp\/v2\/categories?post=23743929"},{"taxonomy":"post_tag","embeddable":true,"href":"https:\/\/www.ags-recordsmanagement.com\/fr\/wp-json\/wp\/v2\/tags?post=23743929"},{"taxonomy":"subjects","embeddable":true,"href":"https:\/\/www.ags-recordsmanagement.com\/fr\/wp-json\/wp\/v2\/subjects?post=23743929"}],"curies":[{"name":"wp","href":"https:\/\/api.w.org\/{rel}","templated":true}]}}