{"id":987517552,"date":"2025-01-23T12:11:59","date_gmt":"2025-01-23T10:11:59","guid":{"rendered":"https:\/\/www.ags-recordsmanagement.com\/fr\/?p=987517552"},"modified":"2025-11-06T15:27:06","modified_gmt":"2025-11-06T13:27:06","slug":"vice-president-seychelles-visite-ags","status":"publish","type":"post","link":"https:\/\/www.ags-recordsmanagement.com\/fr\/news\/vice-president-seychelles-visite-ags\/","title":{"rendered":"Une visite officielle marquante : le vice-pr\u00e9sident des Seychelles en visite dans notre filiale locale"},"content":{"rendered":"\n<h2 class=\"wp-block-heading bpost has-vivid-cyan-blue-color has-text-color has-link-color has-medium-font-size wp-elements-a0a9eb5be910c2deaf3ea3d369d9e477\">Une rencontre au sommet pour l\u2019avenir des archives<\/h2>\n\n\n\n<p>Peter Lalande, directeur de la filiale aux Seychelles, avait r\u00e9cemment \u00e9chang\u00e9 avec plusieurs hauts fonctionnaires et rencontr\u00e9 \u00e0 deux reprises le vice-pr\u00e9sident pour aborder en d\u00e9tail le sujet de la gestion documentaire. Ces discussions ont notamment port\u00e9 sur les diff\u00e9rents services et solutions propos\u00e9s par l\u2019entreprise aux Seychelles pour garantir la pr\u00e9servation des archives.<\/p>\n\n\n\n<h2 class=\"wp-block-heading has-black-color has-text-color has-link-color wp-elements-0a28101ee6bbf27aa0cc952fc31cf19d\"><strong><strong>Une visite riche en \u00e9changes et en d\u00e9couvertes<\/strong><\/strong><\/h2>\n\n\n\n<figure class=\"wp-block-image size-full is-resized\"><img loading=\"lazy\" decoding=\"async\" width=\"1032\" height=\"645\" src=\"https:\/\/www.ags-recordsmanagement.com\/fr\/wp-content\/uploads\/sites\/2\/2025\/01\/Vice-President-edited.jpg\" alt=\"Le pr\u00e9sident des Seychelles en visite chez AGS pour la\ngestion des archives\" class=\"wp-image-987517569\" style=\"width:821px;height:auto\" srcset=\"https:\/\/www.ags-recordsmanagement.com\/fr\/wp-content\/uploads\/sites\/2\/2025\/01\/Vice-President-edited.jpg 1032w, https:\/\/www.ags-recordsmanagement.com\/fr\/wp-content\/uploads\/sites\/2\/2025\/01\/Vice-President-edited-980x613.jpg 980w, https:\/\/www.ags-recordsmanagement.com\/fr\/wp-content\/uploads\/sites\/2\/2025\/01\/Vice-President-edited-480x300.jpg 480w\" sizes=\"(min-width: 0px) and (max-width: 480px) 480px, (min-width: 481px) and (max-width: 980px) 980px, (min-width: 981px) 1032px, 100vw\" \/><\/figure>\n\n\n<p>Lors de cette visite, M. Afif s\u2019est montr\u00e9 particuli\u00e8rement attentif et curieux. Il a explor\u00e9 le d\u00e9p\u00f4t et pos\u00e9 de nombreuses questions, notamment sur les syst\u00e8mes permettant de g\u00e9rer un volume consid\u00e9rable de dossiers, sur l\u2019histoire de l\u2019entreprise et le types de clients que nous accompagnons aux Seychelles. La visite s\u2019est poursuivie dans la salle de <a href=\"https:\/\/www.ags-recordsmanagement.com\/fr\/numerisation-de-documents\/\" target=\"_blank\" rel=\"noopener\">num\u00e9risation<\/a>, o\u00f9 le vice-pr\u00e9sident a \u00e9t\u00e9 initi\u00e9 au processus de <a href=\"https:\/\/www.ags-recordsmanagement.com\/fr\/digitalisation-des-processus-documentaires\/\" target=\"_blank\" rel=\"noopener\">d\u00e9mat\u00e9rialisation des documents<\/a>. Il s\u2019est \u00e9galement int\u00e9ress\u00e9 \u00e0 notre <a href=\"https:\/\/www.ags-recordsmanagement.com\/fr\/solution-de-gestion-des-archives\/logiciel-de-gestion-darchives\/\" target=\"_blank\" rel=\"noopener\">logiciel de gestion des archives<\/a>, pr\u00e9sent\u00e9 comme une solution potentielle pour les besoins du gouvernement. Apr\u00e8s avoir compris ses avantages, il a m\u00eame contact\u00e9 le responsable des technologies de l\u2019information des Seychelles pour \u00e9tudier la possibilit\u00e9 d\u2019un changement de syst\u00e8me.<\/p>\n<h2><strong>Des actions concr\u00e8tes pour soutenir le d\u00e9veloppement de notre filiale aux Seychelles<\/strong><\/h2>\n<p>La n\u00e9cessit\u00e9 pour l\u2019entreprise de disposer d\u2019un terrain afin de construire un d\u00e9p\u00f4t plus spacieux a \u00e9t\u00e9 un autre point central de la discussion. Partageant cet objectif, le vice-pr\u00e9sident a imm\u00e9diatement pris des mesures concr\u00e8tes en contactant le ministre des Affaires fonci\u00e8res pour faire avancer ce dossier.<\/p>\n<h2><strong>Une visite prolong\u00e9e enrichissante qui renforce les liens avec les institutions gouvernementales<\/strong><\/h2>\n<p>Initialement pr\u00e9vue pour 15 minutes, la visite s\u2019est finalement \u00e9tendue sur plus de 30 minutes. Cette prolongation t\u00e9moigne de l\u2019int\u00e9r\u00eat marqu\u00e9 du vice-pr\u00e9sident pour le r\u00f4le crucial que joue l\u2019entreprise dans la <a href=\"https:\/\/www.ags-recordsmanagement.com\/fr\/solution-de-gestion-des-archives\/externalisation-des-archives-physiques\/\" target=\"_blank\" rel=\"noopener\">gestion et la conservation des archives<\/a> aux Seychelles. <em>Cette visite illustre l\u2019importance croissante accord\u00e9e \u00e0 la gestion des archives et \u00e0 la d\u00e9mat\u00e9rialisation des documents dans le pays et renforce le partenariat entre notre filiale et les institutions gouvernementales.<\/em><\/p>","protected":false},"excerpt":{"rendered":"<p>Le 17 d\u00e9cembre dernier, les \u00e9quipes de notre filiale aux Seychelles ont eu l\u2019honneur d\u2019accueillir un invit\u00e9 de marque : M. Affif, vice-pr\u00e9sident des Seychelles. Sa visite, report\u00e9e la semaine pr\u00e9c\u00e9dente en raison des intemp\u00e9ries, s\u2019est d\u00e9roul\u00e9e dans un contexte marqu\u00e9 par des discussions strat\u00e9giques sur l\u2019avenir de la conservation des documents dans le pays.<\/p>\n","protected":false},"author":8,"featured_media":987517595,"comment_status":"open","ping_status":"open","sticky":false,"template":"","format":"standard","meta":{"_acf_changed":false,"_et_pb_use_builder":"","_et_pb_old_content":"","_et_gb_content_width":"","footnotes":""},"categories":[1137],"tags":[],"subjects":[],"class_list":["post-987517552","post","type-post","status-publish","format-standard","has-post-thumbnail","hentry","category-actualite"],"acf":[],"_links":{"self":[{"href":"https:\/\/www.ags-recordsmanagement.com\/fr\/wp-json\/wp\/v2\/posts\/987517552"}],"collection":[{"href":"https:\/\/www.ags-recordsmanagement.com\/fr\/wp-json\/wp\/v2\/posts"}],"about":[{"href":"https:\/\/www.ags-recordsmanagement.com\/fr\/wp-json\/wp\/v2\/types\/post"}],"author":[{"embeddable":true,"href":"https:\/\/www.ags-recordsmanagement.com\/fr\/wp-json\/wp\/v2\/users\/8"}],"replies":[{"embeddable":true,"href":"https:\/\/www.ags-recordsmanagement.com\/fr\/wp-json\/wp\/v2\/comments?post=987517552"}],"version-history":[{"count":4,"href":"https:\/\/www.ags-recordsmanagement.com\/fr\/wp-json\/wp\/v2\/posts\/987517552\/revisions"}],"predecessor-version":[{"id":987520379,"href":"https:\/\/www.ags-recordsmanagement.com\/fr\/wp-json\/wp\/v2\/posts\/987517552\/revisions\/987520379"}],"wp:featuredmedia":[{"embeddable":true,"href":"https:\/\/www.ags-recordsmanagement.com\/fr\/wp-json\/wp\/v2\/media\/987517595"}],"wp:attachment":[{"href":"https:\/\/www.ags-recordsmanagement.com\/fr\/wp-json\/wp\/v2\/media?parent=987517552"}],"wp:term":[{"taxonomy":"category","embeddable":true,"href":"https:\/\/www.ags-recordsmanagement.com\/fr\/wp-json\/wp\/v2\/categories?post=987517552"},{"taxonomy":"post_tag","embeddable":true,"href":"https:\/\/www.ags-recordsmanagement.com\/fr\/wp-json\/wp\/v2\/tags?post=987517552"},{"taxonomy":"subjects","embeddable":true,"href":"https:\/\/www.ags-recordsmanagement.com\/fr\/wp-json\/wp\/v2\/subjects?post=987517552"}],"curies":[{"name":"wp","href":"https:\/\/api.w.org\/{rel}","templated":true}]}}