{"id":987518029,"date":"2025-02-11T14:07:19","date_gmt":"2025-02-11T12:07:19","guid":{"rendered":"https:\/\/www.ags-recordsmanagement.com\/fr\/?p=987518029"},"modified":"2025-04-08T17:04:13","modified_gmt":"2025-04-08T15:04:13","slug":"arlette-farge-historienne-archives","status":"publish","type":"post","link":"https:\/\/www.ags-recordsmanagement.com\/fr\/news\/arlette-farge-historienne-archives\/","title":{"rendered":"Les noms c\u00e9l\u00e8bres de l\u2019archivage : Arlette Farge, l\u2019historienne qui donne go\u00fbt \u00e0 l\u2019archive"},"content":{"rendered":"\n<h2 class=\"wp-block-heading has-vivid-cyan-blue-color has-text-color has-link-color wp-elements-1df361b3f34aa7477c6bc20fe0aaedee\">Historienne fran\u00e7aise contemporaine, Arlette Farge a marqu\u00e9 le monde de l\u2019archivage avec l\u2019un des ouvrages de r\u00e9f\u00e9rence, <em>Le go\u00fbt de l\u2019archive<\/em>, dans lequel elle transmet avec \u00e9motion et humour sa passion pour le travail sur les documents du pass\u00e9.<\/h2>\n\n\n\n<p>\u00ab&nbsp;L&rsquo;une de mes plus belles histoires d&rsquo;amour, c&rsquo;est s\u00fbrement d&rsquo;\u00eatre entr\u00e9e dans les Archives&nbsp;\u00bb. En ces quelques mots, tir\u00e9s d\u2019un <a href=\"https:\/\/www.radiofrance.fr\/franceinter\/podcasts\/une-journee-particuliere\/arlette-farge-historienne-personne-ne-reste-indemne-d-une-entree-dans-les-archives-1228105\" target=\"_blank\" rel=\"noreferrer noopener\">entretien d\u2019Arlette Farge sur France Inter<\/a>, l\u2019historienne contemporaine r\u00e9sume sa passion pour le domaine des archives, auquel elle a d\u00e9di\u00e9 plus de 50 ans de sa vie.<\/p>\n\n\n\n<p>N\u00e9e en 1941 \u00e0 Charleville, la jeune femme se destinait \u00e0 une carri\u00e8re de juge des enfants jusqu\u2019\u00e0 ce qu\u2019elle change d\u2019avis et se consacre \u00e0 l\u2019histoire du droit et des institutions. T\u00e9moin de la lutte des \u00e9tudiants noirs pour leurs droits civiques aux \u00c9tats-Unis o\u00f9 elle effectue une th\u00e8se, elle se penche de pr\u00e8s sur l\u2019\u00e9tude des milieux les plus pauvres.<\/p>\n\n\n\n<p>\u00c0 son retour en France, elle pr\u00e9pare un doctorat d&rsquo;histoire moderne sur Le vol d&rsquo;aliment \u00e0 Paris au XVIIIe si\u00e8cle, soutenu en 1974 sous la direction de Robert Mandrou, disciple de Lucien Febvre, pionnier de l&rsquo;histoire des mentalit\u00e9s. Ce travail la plonge dans le domaine des archives.<\/p>\n\n\n\n<p><\/p>\n\n\n\n<h2 class=\"wp-block-heading has-black-color has-text-color has-link-color wp-elements-5fc02c58d362005f858d1e0cb625308f\"><strong>Les archives judiciaires, le mat\u00e9riau d\u2019une vie<\/strong><\/h2>\n\n\n\n<p>Sur <em>France Inter,<\/em> elle raconte ce jour de 1970 o\u00f9 son directeur de th\u00e8se l\u2019accompagne pour la premi\u00e8re fois aux Archives nationales \u00e0 Paris et lui fait d\u00e9couvrir les archives judiciaires du si\u00e8cle des Lumi\u00e8res qui vont constituer ensuite son mat\u00e9riau de travail pour les 50 ann\u00e9es suivantes. Elle consacre son travail \u00e0 ces vies oubli\u00e9es qui ont fait discr\u00e8tement une partie de l\u2019Histoire de France.<\/p>\n\n\n\n<p>Autrice de tr\u00e8s nombreux ouvrages, elle fait r\u00e9f\u00e9rence avec l\u2019un d\u2019entre eux dans le domaine des Archives. Le Go\u00fbt de l\u2019archive, publi\u00e9 en 1989, raconte son m\u00e9tier d\u2019historienne habit\u00e9e par la passion. Salu\u00e9 comme un ouvrage classique par les historiens, elle propose une r\u00e9flexion sur l\u2019\u00e9criture de l\u2019histoire \u00e0 partir des propos et des exp\u00e9riences des gens oubli\u00e9s. Elle d\u00e9crit alors l\u2019ambiance particuli\u00e8re des salles d\u2019archives et fait partager avec \u00e9motion ses rencontres in\u00e9dites avec des personnages du pass\u00e9.<\/p>\n\n\n\n<p>Par ses mots, l\u2019actuelle directrice de recherche au CNRS \u00e0 la retraite d\u00e9crit la pratique de l\u2019archive comme un geste et un rituel proches du travail d\u2019un moine copiste, mais qui laisse par moments place \u00e0 de belles surprises et d\u00e9couvertes.<\/p>\n","protected":false},"excerpt":{"rendered":"<p>Historienne fran\u00e7aise contemporaine, Arlette Farge a marqu\u00e9 le monde de l\u2019archivage avec l\u2019un des ouvrages de r\u00e9f\u00e9rence, Le go\u00fbt de l\u2019archive, dans lequel elle transmet avec \u00e9motion et humour sa passion pour le travail sur les documents du pass\u00e9. \u00ab&nbsp;L&rsquo;une de mes plus belles histoires d&rsquo;amour, c&rsquo;est s\u00fbrement d&rsquo;\u00eatre entr\u00e9e dans les Archives&nbsp;\u00bb. En ces [&hellip;]<\/p>\n","protected":false},"author":4,"featured_media":987518034,"comment_status":"open","ping_status":"open","sticky":false,"template":"","format":"standard","meta":{"_acf_changed":false,"_et_pb_use_builder":"","_et_pb_old_content":"","_et_gb_content_width":"","footnotes":""},"categories":[1103,1111],"tags":[],"subjects":[],"class_list":["post-987518029","post","type-post","status-publish","format-standard","has-post-thumbnail","hentry","category-archivage","category-histoires-darchives"],"acf":[],"_links":{"self":[{"href":"https:\/\/www.ags-recordsmanagement.com\/fr\/wp-json\/wp\/v2\/posts\/987518029"}],"collection":[{"href":"https:\/\/www.ags-recordsmanagement.com\/fr\/wp-json\/wp\/v2\/posts"}],"about":[{"href":"https:\/\/www.ags-recordsmanagement.com\/fr\/wp-json\/wp\/v2\/types\/post"}],"author":[{"embeddable":true,"href":"https:\/\/www.ags-recordsmanagement.com\/fr\/wp-json\/wp\/v2\/users\/4"}],"replies":[{"embeddable":true,"href":"https:\/\/www.ags-recordsmanagement.com\/fr\/wp-json\/wp\/v2\/comments?post=987518029"}],"version-history":[{"count":1,"href":"https:\/\/www.ags-recordsmanagement.com\/fr\/wp-json\/wp\/v2\/posts\/987518029\/revisions"}],"predecessor-version":[{"id":987518301,"href":"https:\/\/www.ags-recordsmanagement.com\/fr\/wp-json\/wp\/v2\/posts\/987518029\/revisions\/987518301"}],"wp:featuredmedia":[{"embeddable":true,"href":"https:\/\/www.ags-recordsmanagement.com\/fr\/wp-json\/wp\/v2\/media\/987518034"}],"wp:attachment":[{"href":"https:\/\/www.ags-recordsmanagement.com\/fr\/wp-json\/wp\/v2\/media?parent=987518029"}],"wp:term":[{"taxonomy":"category","embeddable":true,"href":"https:\/\/www.ags-recordsmanagement.com\/fr\/wp-json\/wp\/v2\/categories?post=987518029"},{"taxonomy":"post_tag","embeddable":true,"href":"https:\/\/www.ags-recordsmanagement.com\/fr\/wp-json\/wp\/v2\/tags?post=987518029"},{"taxonomy":"subjects","embeddable":true,"href":"https:\/\/www.ags-recordsmanagement.com\/fr\/wp-json\/wp\/v2\/subjects?post=987518029"}],"curies":[{"name":"wp","href":"https:\/\/api.w.org\/{rel}","templated":true}]}}