{"id":987518133,"date":"2025-02-14T09:15:06","date_gmt":"2025-02-14T07:15:06","guid":{"rendered":"https:\/\/www.ags-recordsmanagement.com\/fr\/news\/conservation-legale-fichiers-numeriques-copy\/"},"modified":"2025-04-08T16:59:37","modified_gmt":"2025-04-08T14:59:37","slug":"jean-favier-historien-archives-nationales","status":"publish","type":"post","link":"https:\/\/www.ags-recordsmanagement.com\/fr\/news\/jean-favier-historien-archives-nationales\/","title":{"rendered":"Jean Favier, l\u2019historien illustre qui a modernis\u00e9 les Archives nationales"},"content":{"rendered":"\n<h2 class=\"wp-block-heading has-text-color has-link-color has-large-font-size wp-elements-f58c712e606dafc9dde6e83760358d19\" style=\"color:#2279fa\">\u00ab Il fut l\u2019un des plus grands historiens du Moyen \u00e2ge et un grand serviteur de l\u2019\u00c9tat \u00bb. C\u2019est par ses mots que Fran\u00e7ois Hollande, alors Pr\u00e9sident de la R\u00e9publique, rend hommage \u00e0 Jean Favier, d\u00e9c\u00e9d\u00e9 \u00e0 l\u2019\u00e2ge de 82 ans d\u2019un cancer en 2014.<\/h2>\n\n\n\n<p><\/p>\n\n\n\n<p>M\u00e9di\u00e9viste r\u00e9put\u00e9, Jean Favier a vou\u00e9 toute sa carri\u00e8re \u00e0 l\u2019histoire et <a href=\"https:\/\/www.ags-recordsmanagement.com\/fr\/audit-documentaire-conseil-archivage\/\" target=\"_blank\" rel=\"noreferrer noopener\">aux documents d\u2019archives<\/a>. Sorti major de l\u2019\u00c9cole nationale des chartes et ainsi archiviste-pal\u00e9ographe dipl\u00f4m\u00e9 en 1956, il marque les esprits d\u00e8s la r\u00e9daction de sa th\u00e8se sur <em>Philippe Le Bel&nbsp;: Enguerrand de Marigny<\/em>, devenu quelques dizaines d\u2019ann\u00e9es plus tard un succ\u00e8s litt\u00e9raire.<\/p>\n\n\n\n<p>Nomm\u00e9 membre de l\u2019\u00c9cole fran\u00e7aise de Rome, institut fran\u00e7ais de recherche en histoire, en arch\u00e9ologie et en sciences humaines et sociales, il devient conservateur aux Archives nationales de 1958 \u00e0 1961. Il encha\u00eene ensuite avec une carri\u00e8re d\u2019universitaire, le conduisant de Rennes \u00e0 la Sorbonne, o\u00f9 il enseigna la pal\u00e9ographie m\u00e9di\u00e9vale jusqu\u2019en 1997.<\/p>\n\n\n\n<div style=\"height:14px\" aria-hidden=\"true\" class=\"wp-block-spacer\"><\/div>\n\n\n\n<h3 class=\"wp-block-heading has-black-color has-text-color has-link-color wp-elements-6c5f70a84a0352532c0019f44c8c7f95\"><strong>Des Archives de France \u00e0 la BNF<\/strong><\/h3>\n\n\n\n<figure class=\"wp-block-image size-full\"><img loading=\"lazy\" decoding=\"async\" width=\"1024\" height=\"400\" src=\"https:\/\/www.ags-recordsmanagement.com\/fr\/wp-content\/uploads\/sites\/2\/2025\/02\/bibliotheque-nationale-france-1.jpg\" alt=\"Biblioth\u00e8que nationale de France\" class=\"wp-image-987518303\" srcset=\"https:\/\/www.ags-recordsmanagement.com\/fr\/wp-content\/uploads\/sites\/2\/2025\/02\/bibliotheque-nationale-france-1.jpg 1024w, https:\/\/www.ags-recordsmanagement.com\/fr\/wp-content\/uploads\/sites\/2\/2025\/02\/bibliotheque-nationale-france-1-980x383.jpg 980w, https:\/\/www.ags-recordsmanagement.com\/fr\/wp-content\/uploads\/sites\/2\/2025\/02\/bibliotheque-nationale-france-1-480x188.jpg 480w\" sizes=\"(min-width: 0px) and (max-width: 480px) 480px, (min-width: 481px) and (max-width: 980px) 980px, (min-width: 981px) 1024px, 100vw\" \/><\/figure>\n\n\n\n<p>En parall\u00e8le, il s\u2019impose dans des fonctions de premier rang dans l\u2019administration fran\u00e7aise de la Culture. Nomm\u00e9 directeur g\u00e9n\u00e9ral des Archives de France en 1975, et ce, pendant 19 ans, il y laisse une forte empreinte avec la promulgation d\u2019une nouvelle loi sur les archives, la construction de nouveaux b\u00e2timents d\u2019archives et une activit\u00e9 internationale tr\u00e8s forte. Dans cette fonction, il s&rsquo;applique \u00e0 moderniser consid\u00e9rablement le secteur. \u00c0 l\u2019issue de ce mandat, il devient le premier pr\u00e9sident de la Biblioth\u00e8que nationale de France en 1994.<\/p>\n\n\n\n<p>L\u2019homme laisse derri\u00e8re lui de nombreuses publications historiques aux \u00e9ditions Fayard, o\u00f9 il dirige de 1992 \u00e0 1995 une <em>Histoire de France<\/em> en six tomes dont il r\u00e9dige le second tome intitul\u00e9 <em>Le Temps des principaut\u00e9s<\/em>. En 1993, il publie un <em>Dictionnaire de la France m\u00e9di\u00e9vale<\/em>, fruit de quinze ans de travail, qui permet de d\u00e9couvrir en pr\u00e8s de mille pages dix si\u00e8cles de notre histoire.<\/p>\n\n\n\n<div style=\"height:14px\" aria-hidden=\"true\" class=\"wp-block-spacer\"><\/div>\n\n\n\n<h3 class=\"wp-block-heading has-black-color has-text-color has-link-color wp-elements-639077227955f06097aa947b9019d0e9\"><strong>Un homme engag\u00e9 sur tous les fronts de l\u2019histoire<\/strong><\/h3>\n\n\n\n<figure class=\"wp-block-image size-full\"><img loading=\"lazy\" decoding=\"async\" width=\"1024\" height=\"400\" src=\"https:\/\/www.ags-recordsmanagement.com\/fr\/wp-content\/uploads\/sites\/2\/2025\/02\/manuscrits-medievaux-1.jpg\" alt=\"Manuscrits m\u00e9di\u00e9vaux conserv\u00e9s aux Archives nationales\" class=\"wp-image-987518302\" srcset=\"https:\/\/www.ags-recordsmanagement.com\/fr\/wp-content\/uploads\/sites\/2\/2025\/02\/manuscrits-medievaux-1.jpg 1024w, https:\/\/www.ags-recordsmanagement.com\/fr\/wp-content\/uploads\/sites\/2\/2025\/02\/manuscrits-medievaux-1-980x383.jpg 980w, https:\/\/www.ags-recordsmanagement.com\/fr\/wp-content\/uploads\/sites\/2\/2025\/02\/manuscrits-medievaux-1-480x188.jpg 480w\" sizes=\"(min-width: 0px) and (max-width: 480px) 480px, (min-width: 481px) and (max-width: 980px) 980px, (min-width: 981px) 1024px, 100vw\" \/><\/figure>\n\n\n\n<p>Connu du grand public pour son animation sur France Inter de l\u2019\u00e9mission Question pour l\u2019histoire, il est \u00e9galement administrateur de TF1 entre 1984 et 1987. Parall\u00e8lement \u00e0 ces prestigieuses fonctions, il assume de 1979 \u00e0 1998 les responsabilit\u00e9s de pr\u00e9sident de l&rsquo;Association fran\u00e7aise pour les c\u00e9l\u00e9brations nationales, puis de 2008 \u00e0 2012, du Haut comit\u00e9 des c\u00e9l\u00e9brations nationales. Il est \u00e9galement membre de l&rsquo;Acad\u00e9mie des inscriptions et belles-lettres \u00e0 partir de 1985, pr\u00e9sident de la Commission fran\u00e7aise pour l&rsquo;UNESCO et membre du club Le Si\u00e8cle. Il dirige \u00e9galement la Revue historique de 1973 \u00e0 1997.<\/p>\n\n\n\n<p><em>\u00ab&nbsp;Il faisait partie de ces historiens lucides, courageux, ennemis de tout pr\u00e9jug\u00e9, qui ont renouvel\u00e9 notre perception d&rsquo;une \u00e9poque aussi passionnante et f\u00e9conde que perturb\u00e9e&nbsp;\u00bb<\/em>, a reconnu la ministre de la Culture, Aur\u00e9lie Filippetti lors du dernier voyage de cette illustre personnalit\u00e9.<\/p>\n\n\n\n<p><\/p>\n\n\n\n<p><strong>Pour en savoir plus sur nos services de gestion des documents et sur la mani\u00e8re dont nous pouvons vous aider \u00e0 pr\u00e9server vos documents de valeur, <a href=\"https:\/\/www.ags-recordsmanagement.com\/fr\/contactez-nous\/\" target=\"_blank\" rel=\"noreferrer noopener\">contactez-nous d\u00e8s aujourd&rsquo;hui<\/a>.<\/strong><\/p>\n","protected":false},"excerpt":{"rendered":"<p>\u00ab Il fut l\u2019un des plus grands historiens du Moyen \u00e2ge et un grand serviteur de l\u2019\u00c9tat \u00bb. C\u2019est par ses mots que Fran\u00e7ois Hollande, alors Pr\u00e9sident de la R\u00e9publique, rend hommage \u00e0 Jean Favier, d\u00e9c\u00e9d\u00e9 \u00e0 l\u2019\u00e2ge de 82 ans d\u2019un cancer en 2014.<\/p>\n","protected":false},"author":5,"featured_media":987518314,"comment_status":"open","ping_status":"open","sticky":false,"template":"","format":"standard","meta":{"_acf_changed":false,"_et_pb_use_builder":"off","_et_pb_old_content":"<!-- wp:heading {\"style\":{\"color\":{\"text\":\"#2279fa\"},\"elements\":{\"link\":{\"color\":{\"text\":\"#2279fa\"}}}},\"fontSize\":\"large\"} -->\n<h2 class=\"wp-block-heading has-text-color has-link-color has-large-font-size\" style=\"color:#2279fa\">La DIR-MED a longtemps conserv\u00e9 des documents uniques dans son fonds d\u2019archives physiques, mais faute d\u2019une indexation pr\u00e9cise, les recherches et les consultations \u00e9taient loin d\u2019\u00eatre efficaces. L\u2019intervention des experts d\u2019AGS Records Management a permis de faciliter le travail des \u00e9quipes de la DIR-MED et de r\u00e9v\u00e9ler une partie du patrimoine fran\u00e7ais.<\/h2>\n<!-- \/wp:heading -->\n\n<!-- wp:paragraph -->\n<p><\/p>\n<!-- \/wp:paragraph -->\n\n<!-- wp:paragraph -->\n<p>La <a href=\"https:\/\/www.dir.mediterranee.developpement-durable.gouv.fr\/spip.php?page=sommaire\" target=\"_blank\" rel=\"noopener\">Direction Interd\u00e9partementale des Routes M\u00e9diterran\u00e9e<\/a> (DIR-MED) est l\u2019une des onze directions interd\u00e9partementales des routes de France m\u00e9tropolitaine, services d\u00e9centralis\u00e9s du Minist\u00e8re de la Transition \u00c9cologique. Elle assure l\u2019exploitation, l\u2019entretien, la gestion du trafic et la modernisation de plusieurs centaines de kilom\u00e8tres de routes nationales et autoroutes non conc\u00e9d\u00e9es r\u00e9partis sur les r\u00e9gions Provence-Alpes-C\u00f4te d'Azur et Occitanie.<\/p>\n<!-- \/wp:paragraph -->\n\n<!-- wp:paragraph -->\n<p>\u00ab <em>La direction avait besoin de rationaliser ses fonds, de pouvoir identifier ce qu\u2019elle poss\u00e9dait vraiment et de num\u00e9riser une partie des documents pour les ing\u00e9nieurs<\/em> \u00bb, souligne Camille Potard, archiviste chez AGS Records Management.<\/p>\n<!-- \/wp:paragraph -->\n\n<!-- wp:paragraph -->\n<p>En effet, confront\u00e9e comme bien des administrations \u00e0 des difficult\u00e9s pour assurer un inventaire pr\u00e9cis de ses fonds d\u2019archives physiques, la DIR-MED a pris conscience des difficult\u00e9s auxquelles ses ing\u00e9nieurs et techniciens en charge de l\u2019entretien et de l\u2019am\u00e9nagement des routes \u00e9taient confront\u00e9s faute d\u2019acc\u00e8s aux archives. Ils avaient principalement recours \u00e0 des outils num\u00e9riques, mais passaient \u00e0 c\u00f4t\u00e9 d\u2019informations essentielles contenues dans les documents physiques. Une situation d\u2019autant plus dommageable que le fonds d\u2019archives retrace l\u2019histoire des politiques de d\u00e9placement et d\u2019am\u00e9nagement urbain et l\u2019av\u00e8nement de grands axes routiers, ainsi que l\u2019histoire des techniques de construction.<\/p>\n<!-- \/wp:paragraph -->\n\n<!-- wp:paragraph -->\n<p><\/p>\n<!-- \/wp:paragraph -->\n\n<!-- wp:heading {\"level\":3,\"style\":{\"elements\":{\"link\":{\"color\":{\"text\":\"var:preset|color|black\"}}}},\"textColor\":\"black\"} -->\n<h3 class=\"wp-block-heading has-black-color has-text-color has-link-color\"><strong>Aider le client \u00e0 d\u00e9finir ses besoins<\/strong><\/h3>\n<!-- \/wp:heading -->\n\n<!-- wp:image {\"id\":987516647,\"aspectRatio\":\"16\/9\",\"scale\":\"contain\",\"sizeSlug\":\"large\",\"linkDestination\":\"none\"} -->\n<figure class=\"wp-block-image size-large\"><img src=\"https:\/\/www.ags-recordsmanagement.com\/fr\/wp-content\/uploads\/sites\/2\/2024\/11\/ags-defining-client-needs-1024x584.jpg\" alt=\"AGS Records Management archivists sorting and classifying DIR-MED technical and administrative files in preparation for digitisation.\" class=\"wp-image-987516647\" style=\"aspect-ratio:16\/9;object-fit:contain\"\/><\/figure>\n<!-- \/wp:image -->\n\n<!-- wp:paragraph -->\n<p>Afin de pallier ce manque de connaissance du fonds physique et d\u2019un pan du patrimoine culturel fran\u00e7ais, la DIR-MED a fait appel \u00e0 l\u2019expertise et au savoir-faire des \u00e9quipes d'<a href=\"\/\" target=\"_blank\" rel=\"noopener\">AGS Records Management<\/a> pour son fonds conserv\u00e9 au District Urbain de Sept\u00e8mes-les-Vallons.<\/p>\n<!-- \/wp:paragraph -->\n\n<!-- wp:paragraph -->\n<p>Son objectif ? Num\u00e9riser et indexer la globalit\u00e9 des plans relevant des ouvrages d\u2019art de la Direction, afin de cr\u00e9er une base de donn\u00e9es utilisable par les ing\u00e9nieurs et techniciens en charge de l\u2019entretien et de l\u2019am\u00e9nagement des routes.<\/p>\n<!-- \/wp:paragraph -->\n\n<!-- wp:paragraph -->\n<p>\u00ab <em>La phase pilote a consist\u00e9 \u00e0 aider le client \u00e0 d\u00e9finir quels \u00e9taient ses besoins et quelles informations \u00e9taient n\u00e9cessaires pour faciliter le travail des ing\u00e9nieurs<\/em> \u00bb, explique Ambre Monier, en charge de cette mission en bin\u00f4me avec Camille Potard.<\/p>\n<!-- \/wp:paragraph -->\n\n<!-- wp:paragraph -->\n<p>Un premier travail de r\u00e9colement, puis de tri et de classement de dossiers techniques et administratifs a \u00e9t\u00e9 men\u00e9 par nos archivistes expertes. Au total, pr\u00e8s de 290 m\u00e8tres lin\u00e9aires ont \u00e9t\u00e9 trait\u00e9s.<\/p>\n<!-- \/wp:paragraph -->\n\n<!-- wp:paragraph -->\n<p>Deuxi\u00e8me travail avant la num\u00e9risation&nbsp;:&nbsp; le traitement du fonds des ouvrages d\u2019art constitu\u00e9 de 145 m\u00e8tres lin\u00e9aires de plans (dessin\u00e9s ou imprim\u00e9s), de notes de calcul techniques et de correspondance concernant les ponts et tunnels des autoroutes et routes nationales des Bouches-du-Rh\u00f4ne de 1875 \u00e0 nos jours. Parmi les documents se trouvaient des pi\u00e8ces rares, comme des rapports d\u2019accidents de la route des ann\u00e9es 1940 ou encore des profils d\u2019ouvrages \u00e0 l\u2019aquarelle du d\u00e9but du XXe si\u00e8cle.<\/p>\n<!-- \/wp:paragraph -->\n\n<!-- wp:paragraph -->\n<p><\/p>\n<!-- \/wp:paragraph -->\n\n<!-- wp:heading {\"level\":3,\"style\":{\"elements\":{\"link\":{\"color\":{\"text\":\"var:preset|color|black\"}}}},\"textColor\":\"black\"} -->\n<h3 class=\"wp-block-heading has-black-color has-text-color has-link-color\"><strong>La n\u00e9cessit\u00e9 d\u2019une description pr\u00e9cise<\/strong><\/h3>\n<!-- \/wp:heading -->\n\n<!-- wp:image {\"id\":987516646,\"aspectRatio\":\"16\/9\",\"scale\":\"contain\",\"sizeSlug\":\"large\",\"linkDestination\":\"none\"} -->\n<figure class=\"wp-block-image size-large\"><img src=\"https:\/\/www.ags-recordsmanagement.com\/fr\/wp-content\/uploads\/sites\/2\/2024\/11\/engineering-ledger-archive-1024x584.jpg\" alt=\"Handwritten and typed calculations in a ledger, highlighting the complexity of engineering archives before digitisation.\" class=\"wp-image-987516646\" style=\"aspect-ratio:16\/9;object-fit:contain\"\/><\/figure>\n<!-- \/wp:image -->\n\n<!-- wp:paragraph -->\n<p>\u00ab <em>Face \u00e0 des informations lacunaires ou contradictoires selon les \u00e9poques, nous avons \u00e9t\u00e9 en contact quasi permanent avec le client pour peaufiner le vocabulaire \u00e0 utiliser et harmoniser les noms d\u2019ouvrages et d\u2019infrastructures<\/em>. <em>Ce fut un d\u00e9fi pour nous, car si nous avons une approche technique de description documentaire, il fallait se confronter \u00e0 des termes tr\u00e8s techniques du monde de l\u2019architecture<\/em>. <em>Mais, pour r\u00e9parer une fuite sur un ouvrage, les ing\u00e9nieurs doivent \u00eatre en capacit\u00e9 de l\u2019identifier avec exactitude et de pouvoir reconstituer tous les \u00e9l\u00e9ments n\u00e9cessaires depuis sa construction <\/em>\u00bb, pr\u00e9cise Camille Potard.<\/p>\n<!-- \/wp:paragraph -->\n\n<!-- wp:paragraph -->\n<p>Au total, les deux archivistes ont travaill\u00e9 neuf mois sur ces \u00e9tapes de pr\u00e9paration des documents (\u00e9limination de doubles \u00e0 hauteur de 30% du fonds, retrait de tout \u00e9l\u00e9ment m\u00e9tallique ou plastique) et de description des m\u00e9tadonn\u00e9es des documents (l\u2019identification des informations cl\u00e9s de chaque document, description pr\u00e9cise, num\u00e9ro de r\u00e9f\u00e9rence unique...). Soit 33 000 lignes de fichiers qu\u2019elles ont adress\u00e9es aux \u00e9quipes de num\u00e9risation. \u00ab <em>Il fallait que notre description soit claire, concise et suffisamment courte pour \u00eatre exploitable par les op\u00e9rateurs de num\u00e9risation dont nous avons \u00e9galement d\u00fb comprendre les imp\u00e9ratifs<\/em>, explique Ambre Monier. <em>C\u2019\u00e9tait \u00e0 la fois \u00e9prouvant, mais aussi tr\u00e8s formateur de devoir s\u00e9lectionner l\u2019information essentielle et bien la restituer<\/em> \u00bb.<\/p>\n<!-- \/wp:paragraph -->\n\n<!-- wp:paragraph -->\n<p>La num\u00e9risation, effectu\u00e9e par les experts du P\u00f4le num\u00e9risation, a pour sa part permis de garantir une copie fid\u00e8le de tous les documents, la fiabilit\u00e9 de leurs m\u00e9tadonn\u00e9es et leur classement en arborescence. Cette \u00e9tape a rendu accessible le contenu par un syst\u00e8me d\u2019oc\u00e9risation et d\u2019implantation de m\u00e9tadonn\u00e9es. Une arborescence de classement par route, section de route puis nom d\u2019ouvrage a \u00e9t\u00e9 g\u00e9n\u00e9r\u00e9e gr\u00e2ce \u00e0 l\u2019indexation effectu\u00e9e.<\/p>\n<!-- \/wp:paragraph -->\n\n<!-- wp:paragraph -->\n<p><\/p>\n<!-- \/wp:paragraph -->\n\n<!-- wp:heading {\"level\":3,\"style\":{\"elements\":{\"link\":{\"color\":{\"text\":\"var:preset|color|black\"}}}},\"textColor\":\"black\"} -->\n<h3 class=\"wp-block-heading has-black-color has-text-color has-link-color\"><strong>Un vrai travail d\u2019\u00e9quipe<\/strong><\/h3>\n<!-- \/wp:heading -->\n\n<!-- wp:paragraph -->\n<p>La r\u00e9ussite de ce projet repose sur l\u2019intervention coordonn\u00e9e des deux \u00e9quipes d\u2019AGS Records Management sur l\u2019ensemble de la cha\u00eene de traitement, en dialogue continu et orchestr\u00e9e par une cheffe de projet unique garante de la qualit\u00e9 des livrables finaux.<\/p>\n<!-- \/wp:paragraph -->\n\n<!-- wp:paragraph -->\n<p>L\u2019ensemble de la prestation s\u2019est effectu\u00e9 sous le contr\u00f4le scientifique et technique des Archives d\u00e9partementales des Bouches-du-Rh\u00f4ne qui ont notamment valid\u00e9 les processus d\u00e9finis.<\/p>\n<!-- \/wp:paragraph -->\n\n<!-- wp:paragraph -->\n<p>Le travail des \u00e9quipes d\u2019AGS Records Management a \u00e9galement permis \u00e0 la DIR-MED de gagner de l\u2019espace gr\u00e2ce au tri de l\u2019ensemble des pi\u00e8ces, et d\u2019assurer une conservation p\u00e9renne des documents. <strong>Aujourd\u2019hui l\u2019ensemble du fonds d\u2019archives des ouvrages d\u2019art de la DIR-MED est num\u00e9ris\u00e9, index\u00e9 et class\u00e9 dans son arborescence.<\/strong><\/p>\n<!-- \/wp:paragraph -->\n\n<!-- wp:paragraph -->\n<p><strong>Prenez le contr\u00f4le de vos archives avec les services de num\u00e9risation experts d\u2019AGS. Dites adieu au d\u00e9sordre et bonjour \u00e0 l\u2019efficacit\u00e9. <a href=\"\/nous-contacter\/\" target=\"_blank\" rel=\"noopener\">Contactez-nous d\u00e8s maintenant<\/a> pour acc\u00e9der rapidement \u00e0 vos archives et garantir leur conservation p\u00e9renne.<\/strong><\/p>\n<!-- \/wp:paragraph -->\n\n<!-- wp:paragraph -->\n<p><strong><em>Ambre MONIER - Archivist<\/em><\/strong><\/p>\n<!-- \/wp:paragraph -->","_et_gb_content_width":"","footnotes":""},"categories":[1103,1111],"tags":[],"subjects":[],"class_list":["post-987518133","post","type-post","status-publish","format-standard","has-post-thumbnail","hentry","category-archivage","category-histoires-darchives"],"acf":[],"_links":{"self":[{"href":"https:\/\/www.ags-recordsmanagement.com\/fr\/wp-json\/wp\/v2\/posts\/987518133"}],"collection":[{"href":"https:\/\/www.ags-recordsmanagement.com\/fr\/wp-json\/wp\/v2\/posts"}],"about":[{"href":"https:\/\/www.ags-recordsmanagement.com\/fr\/wp-json\/wp\/v2\/types\/post"}],"author":[{"embeddable":true,"href":"https:\/\/www.ags-recordsmanagement.com\/fr\/wp-json\/wp\/v2\/users\/5"}],"replies":[{"embeddable":true,"href":"https:\/\/www.ags-recordsmanagement.com\/fr\/wp-json\/wp\/v2\/comments?post=987518133"}],"version-history":[{"count":2,"href":"https:\/\/www.ags-recordsmanagement.com\/fr\/wp-json\/wp\/v2\/posts\/987518133\/revisions"}],"predecessor-version":[{"id":987518310,"href":"https:\/\/www.ags-recordsmanagement.com\/fr\/wp-json\/wp\/v2\/posts\/987518133\/revisions\/987518310"}],"wp:featuredmedia":[{"embeddable":true,"href":"https:\/\/www.ags-recordsmanagement.com\/fr\/wp-json\/wp\/v2\/media\/987518314"}],"wp:attachment":[{"href":"https:\/\/www.ags-recordsmanagement.com\/fr\/wp-json\/wp\/v2\/media?parent=987518133"}],"wp:term":[{"taxonomy":"category","embeddable":true,"href":"https:\/\/www.ags-recordsmanagement.com\/fr\/wp-json\/wp\/v2\/categories?post=987518133"},{"taxonomy":"post_tag","embeddable":true,"href":"https:\/\/www.ags-recordsmanagement.com\/fr\/wp-json\/wp\/v2\/tags?post=987518133"},{"taxonomy":"subjects","embeddable":true,"href":"https:\/\/www.ags-recordsmanagement.com\/fr\/wp-json\/wp\/v2\/subjects?post=987518133"}],"curies":[{"name":"wp","href":"https:\/\/api.w.org\/{rel}","templated":true}]}}