{"id":987518695,"date":"2025-03-20T10:34:21","date_gmt":"2025-03-20T08:34:21","guid":{"rendered":"https:\/\/www.ags-recordsmanagement.com\/fr\/news\/securite-donnees-archivage-conforme-copy-5\/"},"modified":"2025-07-08T10:29:41","modified_gmt":"2025-07-08T08:29:41","slug":"certification-spec2217-spsti","status":"publish","type":"post","link":"https:\/\/www.ags-recordsmanagement.com\/fr\/news\/certification-spec2217-spsti\/","title":{"rendered":"Quels sont les nouveaux d\u00e9fis des services de pr\u00e9vention et sant\u00e9 au travail ?"},"content":{"rendered":"\n<h2 class=\"wp-block-heading has-text-color has-link-color has-large-font-size wp-elements-ca3b7b41a1a05afa82e5b1b95ae87192\" style=\"color:#2279fa\">Harmoniser leurs pratiques et am\u00e9liorer la pr\u00e9vention des probl\u00e9matiques li\u00e9es \u00e0 la sant\u00e9 au travail font partie des nouveaux d\u00e9fis auxquels les services de pr\u00e9vention et sant\u00e9 au travail sont confront\u00e9s dans le cadre de la nouvelle certification 2217. Un long parcours du combattant que Julianna R\u00e9vi, sp\u00e9cialiste de la conformit\u00e9 au RGPD chez AGS Records Management, vous d\u00e9crypte.\n<\/h2>\n\n\n\n<p><\/p>\n\n\n\n<p>Depuis l\u2019entr\u00e9e en vigueur de la loi du 2 ao\u00fbt 2021 et son d\u00e9cret d\u2019application de juillet 2022, les services de pr\u00e9vention et de sant\u00e9 au travail (SPST) doivent r\u00e9pondre \u00e0 de <strong>nouvelles obligations<\/strong> autour de trois grands objectifs.<\/p>\n\n\n\n<p>\u00ab&nbsp;<em>Le premier est d\u2019harmoniser les pratiques, car en amont de la r\u00e9forme, chaque service de sant\u00e9 au travail avait des fonctionnements diff\u00e9rents sans indicateurs<\/em> \u00bb, souligne Julianna R\u00e9vi, sp\u00e9cialiste de la <a href=\"https:\/\/www.ags-recordsmanagement.com\/fr\/audit-documentaire-conseil-archivage\/audit-rgpd-dpo-externalise\/\" target=\"_blank\" rel=\"noreferrer noopener\">conformit\u00e9 au RGPD<\/a> chez AGS Records Management.<\/p>\n\n\n\n<p>La r\u00e9forme vise \u00e9galement \u00e0 renforcer la pr\u00e9vention primaire pour agir en amont afin d\u2019\u00e9viter les risques professionnels et de la d\u00e9sinsertion, plut\u00f4t que de simplement traiter les probl\u00e8mes de sant\u00e9 une fois qu&rsquo;ils sont apparus. Enfin, troisi\u00e8me et dernier objectif&nbsp;: les <strong>SPSTi<\/strong> doivent r\u00e9pondre de mani\u00e8re \u00e9quitable \u00e0 l\u2019ensemble des adh\u00e9rents, quelle que soit la taille des entreprises, dans leur offre de prestations.<\/p>\n\n\n\n<div class=\"wp-block-group is-layout-constrained wp-block-group-is-layout-constrained\">\n<div class=\"wp-block-group is-layout-constrained wp-block-group-is-layout-constrained\">\n<div style=\"height:14px\" aria-hidden=\"true\" class=\"wp-block-spacer\"><\/div>\n\n\n\n<h3 class=\"wp-block-heading has-black-color has-text-color has-link-color wp-elements-9108f15f7954022dc47b572f2046416e\"><strong>Structurer les pratiques de Services de Pr\u00e9vention et Sant\u00e9 au Travail<\/strong><\/h3>\n<\/div>\n<\/div>\n\n\n\n<p>Pour atteindre ces objectifs, les SPSTi doivent passer la <strong>certification SPEC 2217<\/strong>, avant mai 2025. D\u00e9livr\u00e9e par un organisme certificateur ind\u00e9pendant, tel que AFNOR, elle est valable pour cinq ans renouvelables et s\u2019obtient par trois niveaux.<\/p>\n\n\n\n<p>Le principal int\u00e9r\u00eat de la SPEC 2217 est de s\u2019assurer que les services de pr\u00e9vention et de sant\u00e9 au travail offrent des prestations <strong>conformes aux normes<\/strong> de qualit\u00e9 et aux exigences r\u00e9glementaires en mati\u00e8re de sant\u00e9 au travail. Il s\u2019agit de structurer les pratiques autour de crit\u00e8res d\u00e9finis, tout en garantissant la transparence des processus et l\u2019efficacit\u00e9 des actions men\u00e9es.<\/p>\n\n\n\n<div class=\"wp-block-group is-layout-constrained wp-block-group-is-layout-constrained\">\n<div style=\"height:14px\" aria-hidden=\"true\" class=\"wp-block-spacer\"><\/div>\n\n\n\n<h3 class=\"wp-block-heading has-black-color has-text-color has-link-color wp-elements-51d80eb9b5914dda2752d0a450927d09\"><strong>Trois niveaux pour obtenir la certification SPEC 2217<\/strong><\/h3>\n<\/div>\n\n\n\n<p>Le niveau 1, dit \u00ab&nbsp;engagement&nbsp;\u00bb, consiste \u00e0 mettre \u00e0 l\u2019\u00e9crit toutes les actions men\u00e9es au service du SPSTi. Il permet de v\u00e9rifier que celui-ci respecte les exigences r\u00e9glementaires minimales impos\u00e9es par le Code du travail.<\/p>\n\n\n\n<figure class=\"wp-block-image size-full\"><img loading=\"lazy\" decoding=\"async\" width=\"1024\" height=\"400\" src=\"https:\/\/www.ags-recordsmanagement.com\/fr\/wp-content\/uploads\/sites\/2\/2025\/03\/accompagnement-certification-spec-2217.jpg\" alt=\"Un DPO expert en sante vous accompagne dans votre demarche de certification spec 2217.\" class=\"wp-image-987518701\" srcset=\"https:\/\/www.ags-recordsmanagement.com\/fr\/wp-content\/uploads\/sites\/2\/2025\/03\/accompagnement-certification-spec-2217.jpg 1024w, https:\/\/www.ags-recordsmanagement.com\/fr\/wp-content\/uploads\/sites\/2\/2025\/03\/accompagnement-certification-spec-2217-980x383.jpg 980w, https:\/\/www.ags-recordsmanagement.com\/fr\/wp-content\/uploads\/sites\/2\/2025\/03\/accompagnement-certification-spec-2217-480x188.jpg 480w\" sizes=\"(min-width: 0px) and (max-width: 480px) 480px, (min-width: 481px) and (max-width: 980px) 980px, (min-width: 981px) 1024px, 100vw\" \/><\/figure>\n\n\n\n<p>Notamment, le service doit prouver qu\u2019une \u00e9quipe pluridisciplinaire (professionnels de sant\u00e9, ergonomes, psychologues du travail, intervenants en pr\u00e9vention des risques professionnels, assistants sociaux) est bien pr\u00e9sente, qu\u2019un <a href=\"https:\/\/www.ags-recordsmanagement.com\/fr\/secteur-sante\/\" target=\"_blank\" rel=\"noreferrer noopener\">logiciel m\u00e9tier<\/a> pour <strong>g\u00e9rer<\/strong> et <strong>conserver<\/strong> les dossiers num\u00e9riques de sant\u00e9 au travail est en place au sein du service et qu\u2019une documentation pr\u00e9cise du projet, de son offre socle et du <strong>RGPD<\/strong> est disponible.<\/p>\n\n\n\n<p>\u00ab&nbsp;<em>Ce niveau de certification permet de valider une prise en charge globale des probl\u00e9matiques li\u00e9es \u00e0 la sant\u00e9 et \u00e0 la s\u00e9curit\u00e9 au travail<\/em>, explique Julianna R\u00e9vi. <em>Cette interdisciplinarit\u00e9 favorise aussi des interventions pr\u00e9ventives plus vari\u00e9es et adapt\u00e9es aux contextes sp\u00e9cifiques des entreprises<\/em>&nbsp;\u00bb.<\/p>\n\n\n\n<div style=\"height:14px\" aria-hidden=\"true\" class=\"wp-block-spacer\"><\/div>\n\n\n\n<h3 class=\"wp-block-heading has-black-color has-text-color has-link-color wp-elements-d543b13297b72ee1e3af6b32e202d397\"><strong>La n\u00e9cessaire utilit\u00e9 des indicateurs de performance<\/strong><\/h3>\n\n\n\n<p>Le deuxi\u00e8me niveau, intitul\u00e9 \u00ab\u00a0ma\u00eetrise \u00bb concerne l\u2019am\u00e9lioration de la qualit\u00e9 des services fournis par les services de pr\u00e9vention et de sant\u00e9 au travail. L\u2019objectif est d\u2019aller plus loin que les simples obligations l\u00e9gales avec l\u2019instauration de processus plus performants. Il impose, par exemple, la mise en place d\u2019indicateurs de performance chiffr\u00e9s permettant la ma\u00eetrise des proc\u00e9dures, des outils et l\u2019effectivit\u00e9 des r\u00e9sultats des actions mises en place.<\/p>\n\n\n\n<p>\u00ab&nbsp;<em>Ces indicateurs sont utiles pour mesurer par exemple les actions de pr\u00e9vention<\/em>&nbsp;\u00bb, souligne Julianna R\u00e9vi.<\/p>\n\n\n\n<p>Entre autres, la gestion des risques professionnels doit \u00eatre proactive, gr\u00e2ce \u00e0 des outils plus \u00e9labor\u00e9s pour \u00e9valuer les dangers en entreprise. Ce niveau n\u00e9cessite une harmonisation des pratiques en interne dans les SPSTi sur des sujets parfois tr\u00e8s d\u00e9taill\u00e9s, comme la saisie des informations dans le logiciel m\u00e9tier ou la d\u00e9nomination des documents scann\u00e9s et class\u00e9s.<\/p>\n\n\n\n<div class=\"wp-block-group is-layout-constrained wp-block-group-is-layout-constrained\">\n<div class=\"wp-block-group is-layout-constrained wp-block-group-is-layout-constrained\">\n<div style=\"height:14px\" aria-hidden=\"true\" class=\"wp-block-spacer\"><\/div>\n\n\n\n<h3 class=\"wp-block-heading has-black-color has-text-color has-link-color wp-elements-8ca6f8db6460424cdad03047d519982c\"><strong>L\u2019am\u00e9lioration constante de l\u2019ensemble des services<\/strong><\/h3>\n<\/div>\n<\/div>\n\n\n\n<p>Le troisi\u00e8me niveau, dit de conformit\u00e9, incarne le summum des standards de qualit\u00e9 en pr\u00e9vention et sant\u00e9 au travail. Il v\u00e9rifie que l\u2019ensemble des mesures pr\u00e9vues a \u00e9t\u00e9 mis en \u0153uvre. Les exigences de ce niveau reposent sur le recours <strong>d\u2019outils innovants<\/strong> pour am\u00e9liorer la pr\u00e9vention et le suivi individuel de l\u2019\u00e9tat de sant\u00e9, comme des plateformes de t\u00e9l\u00e9m\u00e9decine ou des outils num\u00e9riques performants et s\u00e9curis\u00e9s. L\u2019int\u00e9gration de bonnes pratiques et une vision anticipative sont aussi requises pour l\u2019obtention de ce niveau. Ce niveau pousse les services \u00e0 l&rsquo;avant-garde de la pr\u00e9vention des risques professionnels, en faisant preuve d\u2019une r\u00e9activit\u00e9 maximale, gr\u00e2ce \u00e0 des d\u00e9marches \u00e9quitables entre tous les adh\u00e9rents et en anticipant les futures probl\u00e9matiques du travail.<\/p>\n\n\n\n<div class=\"wp-block-group is-layout-constrained wp-block-group-is-layout-constrained\">\n<div class=\"wp-block-group is-layout-constrained wp-block-group-is-layout-constrained\">\n<div style=\"height:14px\" aria-hidden=\"true\" class=\"wp-block-spacer\"><\/div>\n\n\n\n<h3 class=\"wp-block-heading has-black-color has-text-color has-link-color wp-elements-07ef882c6f8a79e25a2a6a853e956ed6\"><strong>L\u2019importance du respect du RGPD<\/strong><\/h3>\n<\/div>\n<\/div>\n\n\n\n<p>\u00ab&nbsp;<em>Obtenir ce niveau 3 de la certification sera obligatoire pour les SPST<\/em>&nbsp;\u00bb, explique Julianna R\u00e9vi.<\/p>\n\n\n\n<p>Il garantit un <strong>haut niveau de qualit\u00e9<\/strong> et de <strong>conformit\u00e9<\/strong> aux contraintes l\u00e9gales, il am\u00e9liore la relation de confiance avec les adh\u00e9rents et les salari\u00e9s suivis et assure une meilleure organisation des services de sant\u00e9 au travail avec des proc\u00e9dures plus rigoureuses et uniformis\u00e9es.<\/p>\n\n\n\n<p>\u00ab&nbsp;<em>Outre l\u2019obtention de la certification, les services doivent respecter le RGPD, la vie priv\u00e9e des usagers et assurer la s\u00e9curit\u00e9 des donn\u00e9es. Ces mesures permettent d\u2019\u00e9viter des sanctions de la CNIL en cas d\u2019un \u00e9ventuel contr\u00f4le<\/em> \u00bb, d\u00e9taille Julianna R\u00e9vi.<\/p>\n\n\n\n<p>L\u2019enjeu est de taille pour les SPST, car, en tant qu\u2019entit\u00e9s qui g\u00e8rent des <strong>donn\u00e9es personnelles sensibles<\/strong>, elles doivent \u00eatre en conformit\u00e9 avec le RGPD. En cas de non-respect de la certification, le SPST risque de ne pas renouveler son agr\u00e9ment d\u00e9livr\u00e9 par le directeur r\u00e9gional des entreprises, de la concurrence, de la consommation, du travail et de l\u2019emploi (DREETS). L\u2019activit\u00e9 des SPST peut alors \u00eatre mise en danger.<\/p>\n\n\n\n<div class=\"wp-block-group is-layout-constrained wp-block-group-is-layout-constrained\">\n<div class=\"wp-block-group is-layout-constrained wp-block-group-is-layout-constrained\">\n<div style=\"height:14px\" aria-hidden=\"true\" class=\"wp-block-spacer\"><\/div>\n\n\n\n<h3 class=\"wp-block-heading has-black-color has-text-color has-link-color wp-elements-0dd2406f82b7c7ec9d7cc1171c79937f\"><strong>Une collaboration \u00e9troite entre \u00e9diteurs, h\u00e9bergeurs et SPST<\/strong><\/h3>\n<\/div>\n\n\n\n<p>Les \u00e9diteurs et les h\u00e9bergeurs jouent un r\u00f4le cl\u00e9 dans l\u2019obtention de la certification, car ils soutiennent les services de pr\u00e9vention et de sant\u00e9 au travail dans la gestion des donn\u00e9es, la <a href=\"https:\/\/www.ags-recordsmanagement.com\/fr\/digitalisation-des-processus-documentaires\/solutions-de-dematerialisation\/\" target=\"_blank\" rel=\"noreferrer noopener\">digitalisation des processus<\/a>, et la s\u00e9curit\u00e9 des informations. \u00c0 travers la conception de logiciels sp\u00e9cialis\u00e9s, les \u00e9diteurs permettent aux SPST de suivre les <a href=\"https:\/\/www.ags-recordsmanagement.com\/fr\/digitalisation-des-processus-documentaires\/dematerialisation-des-dossiers-medicaux\/\" target=\"_blank\" rel=\"noreferrer noopener\">dossiers m\u00e9dicaux<\/a> des salari\u00e9s de mani\u00e8re centralis\u00e9e et s\u00e9curis\u00e9e et d\u2019\u00e9valuer les risques professionnels. Ils travaillent avec les SPST dans la mise en conformit\u00e9 des outils en termes de protection des donn\u00e9es personnelles et de <strong>confidentialit\u00e9<\/strong> des informations de sant\u00e9. <\/p>\n\n\n\n<p><\/p>\n<\/div>\n\n\n\n<figure class=\"wp-block-image size-full\"><img loading=\"lazy\" decoding=\"async\" width=\"1024\" height=\"400\" src=\"https:\/\/www.ags-recordsmanagement.com\/fr\/wp-content\/uploads\/sites\/2\/2025\/03\/spsti-conformite-rgpd.jpg\" alt=\"Les SPSTi et le management de la documentation qualit\u00e9.\" class=\"wp-image-987518703\" srcset=\"https:\/\/www.ags-recordsmanagement.com\/fr\/wp-content\/uploads\/sites\/2\/2025\/03\/spsti-conformite-rgpd.jpg 1024w, https:\/\/www.ags-recordsmanagement.com\/fr\/wp-content\/uploads\/sites\/2\/2025\/03\/spsti-conformite-rgpd-980x383.jpg 980w, https:\/\/www.ags-recordsmanagement.com\/fr\/wp-content\/uploads\/sites\/2\/2025\/03\/spsti-conformite-rgpd-480x188.jpg 480w\" sizes=\"(min-width: 0px) and (max-width: 480px) 480px, (min-width: 481px) and (max-width: 980px) 980px, (min-width: 981px) 1024px, 100vw\" \/><\/figure>\n\n\n\n<p><strong>Quant aux h\u00e9bergeurs, ils sont essentiels \u00e0 la <strong>garantie de la s\u00e9curit\u00e9<\/strong> et \u00e0 la disponibilit\u00e9 des donn\u00e9es de sant\u00e9. Dot\u00e9s de la <a href=\"https:\/\/www.ags-recordsmanagement.com\/fr\/notre-metier\/nos-certifications\/\" target=\"_blank\" rel=\"noreferrer noopener\">certification HDS<\/a> (H\u00e9bergeur de donn\u00e9es de sant\u00e9), ils assurent la s\u00e9curisation des infrastructures d\u2019h\u00e9bergement contre les cyberattaques et mettent en place des protocoles de chiffrement pour les donn\u00e9es stock\u00e9es. Ils garantissent \u00e9galement la disponibilit\u00e9 des informations de sant\u00e9 afin que les SPST y aient acc\u00e8s \u00e0 n\u2019importe quel moment.<\/strong><\/p>\n\n\n\n<div class=\"wp-block-group is-layout-constrained wp-block-group-is-layout-constrained\">\n<div style=\"height:14px\" aria-hidden=\"true\" class=\"wp-block-spacer\"><\/div>\n\n\n\n<h3 class=\"wp-block-heading has-black-color has-text-color has-link-color wp-elements-5965e9b480bd40c000094c0243c6769d\"><strong>La question centrale de la cybers\u00e9curit\u00e9<\/strong><\/h3>\n<\/div>\n\n\n\n<p>\u00ab&nbsp;<em>L\u2019obtention de la certification SPEC 2217 passe donc par une \u00e9troite collaboration entre SPST, \u00e9diteurs et h\u00e9bergeurs<\/em>, pr\u00e9cise Julianna R\u00e9vi. <em>Les logiciels d\u00e9velopp\u00e9s par les \u00e9diteurs doivent r\u00e9pondre aux besoins des SPST tout en \u00e9tant interop\u00e9rables avec d\u2019autres outils num\u00e9riques facilitant l\u2019\u00e9change de donn\u00e9es avec les adh\u00e9rents, les autres SPST et les partenaires. Enfin, les SPST doivent s\u2019assurer que les solutions num\u00e9riques soient en phase avec leurs processus internes<\/em>&nbsp;\u00bb.<\/p>\n\n\n\n<p>Reste qu\u2019\u00e0 ce stade, de nombreux services de sant\u00e9 doivent mobiliser des moyens consid\u00e9rables pour obtenir un <strong>h\u00e9bergement s\u00e9curis\u00e9 et cloisonn\u00e9<\/strong>. Mais la question de la <strong>cybers\u00e9curit\u00e9<\/strong> reste centrale. Outre les contr\u00f4les d\u2019acc\u00e8s aux donn\u00e9es sensibles, la gestion des droits et la d\u00e9tection des menaces, le facteur humain appara\u00eet parfois comme le maillon faible en termes de cybers\u00e9curit\u00e9. Les SPST doivent ainsi former leurs collaborateurs aux <strong>bonnes pratiques<\/strong> en termes de s\u00e9curit\u00e9 num\u00e9rique pour \u00e9viter toute fuite de donn\u00e9es sensibles.&nbsp;<\/p>\n\n\n\n<p><strong>Notre \u00e9quipe de DPO expert en sant\u00e9 vous accompagne dans votre d\u00e9marche de mise en conformit\u00e9.<\/strong><\/p>\n\n\n\n<div style=\"height:28px\" aria-hidden=\"true\" class=\"wp-block-spacer\"><\/div>\n\n\n\n<div class=\"wp-block-buttons is-content-justification-center is-layout-flex wp-container-core-buttons-is-layout-1 wp-block-buttons-is-layout-flex\">\n<div class=\"wp-block-button\"><a class=\"wp-block-button__link has-white-color has-text-color has-background has-link-color wp-element-button\" href=\"https:\/\/www.ags-recordsmanagement.com\/fr\/contactez-nous\/\" style=\"background-color:#aa1111\">Contactez-nous<\/a><\/div>\n<\/div>\n\n\n\n<div style=\"height:28px\" aria-hidden=\"true\" class=\"wp-block-spacer\"><\/div>\n","protected":false},"excerpt":{"rendered":"<p>Harmoniser leurs pratiques et am\u00e9liorer la pr\u00e9vention des probl\u00e9matiques li\u00e9es \u00e0 la sant\u00e9 au travail font partie des nouveaux d\u00e9fis auxquels les services de pr\u00e9vention et sant\u00e9 au travail sont confront\u00e9s dans le cadre de la nouvelle certification 2217. Un long parcours du combattant que Julianna R\u00e9vi, sp\u00e9cialiste de la conformit\u00e9 au RGPD chez AGS [&hellip;]<\/p>\n","protected":false},"author":9,"featured_media":987518709,"comment_status":"open","ping_status":"open","sticky":false,"template":"","format":"standard","meta":{"_acf_changed":false,"_et_pb_use_builder":"off","_et_pb_old_content":"<!-- wp:heading {\"style\":{\"color\":{\"text\":\"#2279fa\"},\"elements\":{\"link\":{\"color\":{\"text\":\"#2279fa\"}}}},\"fontSize\":\"large\"} -->\n<h2 class=\"wp-block-heading has-text-color has-link-color has-large-font-size\" style=\"color:#2279fa\">La DIR-MED a longtemps conserv\u00e9 des documents uniques dans son fonds d\u2019archives physiques, mais faute d\u2019une indexation pr\u00e9cise, les recherches et les consultations \u00e9taient loin d\u2019\u00eatre efficaces. L\u2019intervention des experts d\u2019AGS Records Management a permis de faciliter le travail des \u00e9quipes de la DIR-MED et de r\u00e9v\u00e9ler une partie du patrimoine fran\u00e7ais.<\/h2>\n<!-- \/wp:heading -->\n\n<!-- wp:paragraph -->\n<p><\/p>\n<!-- \/wp:paragraph -->\n\n<!-- wp:paragraph -->\n<p>La <a href=\"https:\/\/www.dir.mediterranee.developpement-durable.gouv.fr\/spip.php?page=sommaire\" target=\"_blank\" rel=\"noopener\">Direction Interd\u00e9partementale des Routes M\u00e9diterran\u00e9e<\/a> (DIR-MED) est l\u2019une des onze directions interd\u00e9partementales des routes de France m\u00e9tropolitaine, services d\u00e9centralis\u00e9s du Minist\u00e8re de la Transition \u00c9cologique. Elle assure l\u2019exploitation, l\u2019entretien, la gestion du trafic et la modernisation de plusieurs centaines de kilom\u00e8tres de routes nationales et autoroutes non conc\u00e9d\u00e9es r\u00e9partis sur les r\u00e9gions Provence-Alpes-C\u00f4te d'Azur et Occitanie.<\/p>\n<!-- \/wp:paragraph -->\n\n<!-- wp:paragraph -->\n<p>\u00ab <em>La direction avait besoin de rationaliser ses fonds, de pouvoir identifier ce qu\u2019elle poss\u00e9dait vraiment et de num\u00e9riser une partie des documents pour les ing\u00e9nieurs<\/em> \u00bb, souligne Camille Potard, archiviste chez AGS Records Management.<\/p>\n<!-- \/wp:paragraph -->\n\n<!-- wp:paragraph -->\n<p>En effet, confront\u00e9e comme bien des administrations \u00e0 des difficult\u00e9s pour assurer un inventaire pr\u00e9cis de ses fonds d\u2019archives physiques, la DIR-MED a pris conscience des difficult\u00e9s auxquelles ses ing\u00e9nieurs et techniciens en charge de l\u2019entretien et de l\u2019am\u00e9nagement des routes \u00e9taient confront\u00e9s faute d\u2019acc\u00e8s aux archives. Ils avaient principalement recours \u00e0 des outils num\u00e9riques, mais passaient \u00e0 c\u00f4t\u00e9 d\u2019informations essentielles contenues dans les documents physiques. Une situation d\u2019autant plus dommageable que le fonds d\u2019archives retrace l\u2019histoire des politiques de d\u00e9placement et d\u2019am\u00e9nagement urbain et l\u2019av\u00e8nement de grands axes routiers, ainsi que l\u2019histoire des techniques de construction.<\/p>\n<!-- \/wp:paragraph -->\n\n<!-- wp:paragraph -->\n<p><\/p>\n<!-- \/wp:paragraph -->\n\n<!-- wp:heading {\"level\":3,\"style\":{\"elements\":{\"link\":{\"color\":{\"text\":\"var:preset|color|black\"}}}},\"textColor\":\"black\"} -->\n<h3 class=\"wp-block-heading has-black-color has-text-color has-link-color\"><strong>Aider le client \u00e0 d\u00e9finir ses besoins<\/strong><\/h3>\n<!-- \/wp:heading -->\n\n<!-- wp:image {\"id\":987516647,\"aspectRatio\":\"16\/9\",\"scale\":\"contain\",\"sizeSlug\":\"large\",\"linkDestination\":\"none\"} -->\n<figure class=\"wp-block-image size-large\"><img src=\"https:\/\/www.ags-recordsmanagement.com\/fr\/wp-content\/uploads\/sites\/2\/2024\/11\/ags-defining-client-needs-1024x584.jpg\" alt=\"AGS Records Management archivists sorting and classifying DIR-MED technical and administrative files in preparation for digitisation.\" class=\"wp-image-987516647\" style=\"aspect-ratio:16\/9;object-fit:contain\"\/><\/figure>\n<!-- \/wp:image -->\n\n<!-- wp:paragraph -->\n<p>Afin de pallier ce manque de connaissance du fonds physique et d\u2019un pan du patrimoine culturel fran\u00e7ais, la DIR-MED a fait appel \u00e0 l\u2019expertise et au savoir-faire des \u00e9quipes d'<a href=\"\/\" target=\"_blank\" rel=\"noopener\">AGS Records Management<\/a> pour son fonds conserv\u00e9 au District Urbain de Sept\u00e8mes-les-Vallons.<\/p>\n<!-- \/wp:paragraph -->\n\n<!-- wp:paragraph -->\n<p>Son objectif ? Num\u00e9riser et indexer la globalit\u00e9 des plans relevant des ouvrages d\u2019art de la Direction, afin de cr\u00e9er une base de donn\u00e9es utilisable par les ing\u00e9nieurs et techniciens en charge de l\u2019entretien et de l\u2019am\u00e9nagement des routes.<\/p>\n<!-- \/wp:paragraph -->\n\n<!-- wp:paragraph -->\n<p>\u00ab <em>La phase pilote a consist\u00e9 \u00e0 aider le client \u00e0 d\u00e9finir quels \u00e9taient ses besoins et quelles informations \u00e9taient n\u00e9cessaires pour faciliter le travail des ing\u00e9nieurs<\/em> \u00bb, explique Ambre Monier, en charge de cette mission en bin\u00f4me avec Camille Potard.<\/p>\n<!-- \/wp:paragraph -->\n\n<!-- wp:paragraph -->\n<p>Un premier travail de r\u00e9colement, puis de tri et de classement de dossiers techniques et administratifs a \u00e9t\u00e9 men\u00e9 par nos archivistes expertes. Au total, pr\u00e8s de 290 m\u00e8tres lin\u00e9aires ont \u00e9t\u00e9 trait\u00e9s.<\/p>\n<!-- \/wp:paragraph -->\n\n<!-- wp:paragraph -->\n<p>Deuxi\u00e8me travail avant la num\u00e9risation&nbsp;:&nbsp; le traitement du fonds des ouvrages d\u2019art constitu\u00e9 de 145 m\u00e8tres lin\u00e9aires de plans (dessin\u00e9s ou imprim\u00e9s), de notes de calcul techniques et de correspondance concernant les ponts et tunnels des autoroutes et routes nationales des Bouches-du-Rh\u00f4ne de 1875 \u00e0 nos jours. Parmi les documents se trouvaient des pi\u00e8ces rares, comme des rapports d\u2019accidents de la route des ann\u00e9es 1940 ou encore des profils d\u2019ouvrages \u00e0 l\u2019aquarelle du d\u00e9but du XXe si\u00e8cle.<\/p>\n<!-- \/wp:paragraph -->\n\n<!-- wp:paragraph -->\n<p><\/p>\n<!-- \/wp:paragraph -->\n\n<!-- wp:heading {\"level\":3,\"style\":{\"elements\":{\"link\":{\"color\":{\"text\":\"var:preset|color|black\"}}}},\"textColor\":\"black\"} -->\n<h3 class=\"wp-block-heading has-black-color has-text-color has-link-color\"><strong>La n\u00e9cessit\u00e9 d\u2019une description pr\u00e9cise<\/strong><\/h3>\n<!-- \/wp:heading -->\n\n<!-- wp:image {\"id\":987516646,\"aspectRatio\":\"16\/9\",\"scale\":\"contain\",\"sizeSlug\":\"large\",\"linkDestination\":\"none\"} -->\n<figure class=\"wp-block-image size-large\"><img src=\"https:\/\/www.ags-recordsmanagement.com\/fr\/wp-content\/uploads\/sites\/2\/2024\/11\/engineering-ledger-archive-1024x584.jpg\" alt=\"Handwritten and typed calculations in a ledger, highlighting the complexity of engineering archives before digitisation.\" class=\"wp-image-987516646\" style=\"aspect-ratio:16\/9;object-fit:contain\"\/><\/figure>\n<!-- \/wp:image -->\n\n<!-- wp:paragraph -->\n<p>\u00ab <em>Face \u00e0 des informations lacunaires ou contradictoires selon les \u00e9poques, nous avons \u00e9t\u00e9 en contact quasi permanent avec le client pour peaufiner le vocabulaire \u00e0 utiliser et harmoniser les noms d\u2019ouvrages et d\u2019infrastructures<\/em>. <em>Ce fut un d\u00e9fi pour nous, car si nous avons une approche technique de description documentaire, il fallait se confronter \u00e0 des termes tr\u00e8s techniques du monde de l\u2019architecture<\/em>. <em>Mais, pour r\u00e9parer une fuite sur un ouvrage, les ing\u00e9nieurs doivent \u00eatre en capacit\u00e9 de l\u2019identifier avec exactitude et de pouvoir reconstituer tous les \u00e9l\u00e9ments n\u00e9cessaires depuis sa construction <\/em>\u00bb, pr\u00e9cise Camille Potard.<\/p>\n<!-- \/wp:paragraph -->\n\n<!-- wp:paragraph -->\n<p>Au total, les deux archivistes ont travaill\u00e9 neuf mois sur ces \u00e9tapes de pr\u00e9paration des documents (\u00e9limination de doubles \u00e0 hauteur de 30% du fonds, retrait de tout \u00e9l\u00e9ment m\u00e9tallique ou plastique) et de description des m\u00e9tadonn\u00e9es des documents (l\u2019identification des informations cl\u00e9s de chaque document, description pr\u00e9cise, num\u00e9ro de r\u00e9f\u00e9rence unique...). Soit 33 000 lignes de fichiers qu\u2019elles ont adress\u00e9es aux \u00e9quipes de num\u00e9risation. \u00ab <em>Il fallait que notre description soit claire, concise et suffisamment courte pour \u00eatre exploitable par les op\u00e9rateurs de num\u00e9risation dont nous avons \u00e9galement d\u00fb comprendre les imp\u00e9ratifs<\/em>, explique Ambre Monier. <em>C\u2019\u00e9tait \u00e0 la fois \u00e9prouvant, mais aussi tr\u00e8s formateur de devoir s\u00e9lectionner l\u2019information essentielle et bien la restituer<\/em> \u00bb.<\/p>\n<!-- \/wp:paragraph -->\n\n<!-- wp:paragraph -->\n<p>La num\u00e9risation, effectu\u00e9e par les experts du P\u00f4le num\u00e9risation, a pour sa part permis de garantir une copie fid\u00e8le de tous les documents, la fiabilit\u00e9 de leurs m\u00e9tadonn\u00e9es et leur classement en arborescence. Cette \u00e9tape a rendu accessible le contenu par un syst\u00e8me d\u2019oc\u00e9risation et d\u2019implantation de m\u00e9tadonn\u00e9es. Une arborescence de classement par route, section de route puis nom d\u2019ouvrage a \u00e9t\u00e9 g\u00e9n\u00e9r\u00e9e gr\u00e2ce \u00e0 l\u2019indexation effectu\u00e9e.<\/p>\n<!-- \/wp:paragraph -->\n\n<!-- wp:paragraph -->\n<p><\/p>\n<!-- \/wp:paragraph -->\n\n<!-- wp:heading {\"level\":3,\"style\":{\"elements\":{\"link\":{\"color\":{\"text\":\"var:preset|color|black\"}}}},\"textColor\":\"black\"} -->\n<h3 class=\"wp-block-heading has-black-color has-text-color has-link-color\"><strong>Un vrai travail d\u2019\u00e9quipe<\/strong><\/h3>\n<!-- \/wp:heading -->\n\n<!-- wp:paragraph -->\n<p>La r\u00e9ussite de ce projet repose sur l\u2019intervention coordonn\u00e9e des deux \u00e9quipes d\u2019AGS Records Management sur l\u2019ensemble de la cha\u00eene de traitement, en dialogue continu et orchestr\u00e9e par une cheffe de projet unique garante de la qualit\u00e9 des livrables finaux.<\/p>\n<!-- \/wp:paragraph -->\n\n<!-- wp:paragraph -->\n<p>L\u2019ensemble de la prestation s\u2019est effectu\u00e9 sous le contr\u00f4le scientifique et technique des Archives d\u00e9partementales des Bouches-du-Rh\u00f4ne qui ont notamment valid\u00e9 les processus d\u00e9finis.<\/p>\n<!-- \/wp:paragraph -->\n\n<!-- wp:paragraph -->\n<p>Le travail des \u00e9quipes d\u2019AGS Records Management a \u00e9galement permis \u00e0 la DIR-MED de gagner de l\u2019espace gr\u00e2ce au tri de l\u2019ensemble des pi\u00e8ces, et d\u2019assurer une conservation p\u00e9renne des documents. <strong>Aujourd\u2019hui l\u2019ensemble du fonds d\u2019archives des ouvrages d\u2019art de la DIR-MED est num\u00e9ris\u00e9, index\u00e9 et class\u00e9 dans son arborescence.<\/strong><\/p>\n<!-- \/wp:paragraph -->\n\n<!-- wp:paragraph -->\n<p><strong>Prenez le contr\u00f4le de vos archives avec les services de num\u00e9risation experts d\u2019AGS. Dites adieu au d\u00e9sordre et bonjour \u00e0 l\u2019efficacit\u00e9. <a href=\"\/nous-contacter\/\" target=\"_blank\" rel=\"noopener\">Contactez-nous d\u00e8s maintenant<\/a> pour acc\u00e9der rapidement \u00e0 vos archives et garantir leur conservation p\u00e9renne.<\/strong><\/p>\n<!-- \/wp:paragraph -->\n\n<!-- wp:paragraph -->\n<p><strong><em>Ambre MONIER - Archivist<\/em><\/strong><\/p>\n<!-- \/wp:paragraph -->","_et_gb_content_width":"","footnotes":""},"categories":[1103,1119],"tags":[],"subjects":[],"class_list":["post-987518695","post","type-post","status-publish","format-standard","has-post-thumbnail","hentry","category-archivage","category-digitalisation"],"acf":[],"_links":{"self":[{"href":"https:\/\/www.ags-recordsmanagement.com\/fr\/wp-json\/wp\/v2\/posts\/987518695"}],"collection":[{"href":"https:\/\/www.ags-recordsmanagement.com\/fr\/wp-json\/wp\/v2\/posts"}],"about":[{"href":"https:\/\/www.ags-recordsmanagement.com\/fr\/wp-json\/wp\/v2\/types\/post"}],"author":[{"embeddable":true,"href":"https:\/\/www.ags-recordsmanagement.com\/fr\/wp-json\/wp\/v2\/users\/9"}],"replies":[{"embeddable":true,"href":"https:\/\/www.ags-recordsmanagement.com\/fr\/wp-json\/wp\/v2\/comments?post=987518695"}],"version-history":[{"count":7,"href":"https:\/\/www.ags-recordsmanagement.com\/fr\/wp-json\/wp\/v2\/posts\/987518695\/revisions"}],"predecessor-version":[{"id":987520763,"href":"https:\/\/www.ags-recordsmanagement.com\/fr\/wp-json\/wp\/v2\/posts\/987518695\/revisions\/987520763"}],"wp:featuredmedia":[{"embeddable":true,"href":"https:\/\/www.ags-recordsmanagement.com\/fr\/wp-json\/wp\/v2\/media\/987518709"}],"wp:attachment":[{"href":"https:\/\/www.ags-recordsmanagement.com\/fr\/wp-json\/wp\/v2\/media?parent=987518695"}],"wp:term":[{"taxonomy":"category","embeddable":true,"href":"https:\/\/www.ags-recordsmanagement.com\/fr\/wp-json\/wp\/v2\/categories?post=987518695"},{"taxonomy":"post_tag","embeddable":true,"href":"https:\/\/www.ags-recordsmanagement.com\/fr\/wp-json\/wp\/v2\/tags?post=987518695"},{"taxonomy":"subjects","embeddable":true,"href":"https:\/\/www.ags-recordsmanagement.com\/fr\/wp-json\/wp\/v2\/subjects?post=987518695"}],"curies":[{"name":"wp","href":"https:\/\/api.w.org\/{rel}","templated":true}]}}