{"id":987519093,"date":"2025-04-11T16:37:46","date_gmt":"2025-04-11T14:37:46","guid":{"rendered":"https:\/\/www.ags-recordsmanagement.com\/fr\/?p=987519093"},"modified":"2025-04-17T07:33:26","modified_gmt":"2025-04-17T05:33:26","slug":"retour-sur-le-4eme-forum-des-archivistes-trois-jours-au-coeur-de-la-profession","status":"publish","type":"post","link":"https:\/\/www.ags-recordsmanagement.com\/fr\/news\/retour-sur-le-4eme-forum-des-archivistes-trois-jours-au-coeur-de-la-profession\/","title":{"rendered":"Retour sur le 4\u00e8me Forum des Archivistes : Trois jours au c\u0153ur de la profession"},"content":{"rendered":"\n<p><\/p>\n\n\n\n<h2 class=\"wp-block-heading has-vivid-cyan-blue-color has-text-color has-link-color wp-elements-86cf62a1032f4ab4161c52b18d5d92a1\">Le Couvent des Jacobins de Rennes a vibr\u00e9 du 26 au 28 mars dernier au rythme des discussions passionnantes du 4\u1d49 Forum des Archivistes. Organis\u00e9 par l\u2019Association des Archivistes Fran\u00e7ais (AAF), cet \u00e9v\u00e9nement d\u2019envergure nationale a r\u00e9uni pr\u00e8s de 1300 professionnels autour d\u2019une th\u00e9matique captivante : \u00ab <strong>Avec attention : archives, archivistes et soci\u00e9t\u00e9s<\/strong> \u00bb.<\/h2>\n\n\n\n<p><\/p>\n\n\n\n<p><\/p>\n\n\n\n<h2 class=\"wp-block-heading has-black-color has-text-color has-link-color wp-elements-7422b28c258f469378302fe2ced0de6a\"><strong>Un carrefour d\u2019\u00e9changes et d\u2019innovations<\/strong><\/h2>\n\n\n\n<p>Durant trois jours, experts, institutionnels et entreprises sp\u00e9cialis\u00e9es ont explor\u00e9 les d\u00e9fis contemporains de la <strong>discipline archivistique<\/strong>. Loin d\u2019un simple rendez-vous acad\u00e9mique, ce forum s\u2019est impos\u00e9 comme un v\u00e9ritable laboratoire d\u2019id\u00e9es, o\u00f9 chaque intervenant a pu confronter sa vision et ses pratiques \u00e0 celles de ses homologues.<\/p>\n\n\n\n<p>Parmi les temps forts, les conf\u00e9rences ont abord\u00e9 des enjeux cruciaux comme la pr\u00e9servation des donn\u00e9es \u00e0 l\u2019\u00e8re du num\u00e9rique, la cybers\u00e9curit\u00e9 des archives ou encore le r\u00f4le soci\u00e9tal des archivistes dans la transmission de la m\u00e9moire collective. Des ateliers participatifs ont \u00e9galement permis d\u2019approfondir les d\u00e9bats sur la <a href=\"https:\/\/www.ags-recordsmanagement.com\/fr\/digitalisation-des-processus-documentaires\/documents-et-processus-rh\/\" target=\"_blank\" rel=\"noreferrer noopener\">d\u00e9mat\u00e9rialisation<\/a>, la r\u00e9glementation en constante \u00e9volution et l\u2019impact des <strong>nouvelles technologies<\/strong>.<\/p>\n\n\n\n<p><\/p>\n\n\n\n<figure class=\"wp-block-image size-full\"><img loading=\"lazy\" decoding=\"async\" width=\"1024\" height=\"400\" src=\"https:\/\/www.ags-recordsmanagement.com\/fr\/wp-content\/uploads\/sites\/2\/2025\/04\/Rencontres-archivistiques.jpg\" alt=\"Audit et conseil en archivage par les archivistes experts AGS Records Management\" class=\"wp-image-987519096\" srcset=\"https:\/\/www.ags-recordsmanagement.com\/fr\/wp-content\/uploads\/sites\/2\/2025\/04\/Rencontres-archivistiques.jpg 1024w, https:\/\/www.ags-recordsmanagement.com\/fr\/wp-content\/uploads\/sites\/2\/2025\/04\/Rencontres-archivistiques-980x383.jpg 980w, https:\/\/www.ags-recordsmanagement.com\/fr\/wp-content\/uploads\/sites\/2\/2025\/04\/Rencontres-archivistiques-480x188.jpg 480w\" sizes=\"(min-width: 0px) and (max-width: 480px) 480px, (min-width: 481px) and (max-width: 980px) 980px, (min-width: 981px) 1024px, 100vw\" \/><\/figure>\n\n\n\n<p><\/p>\n\n\n\n<h2 class=\"wp-block-heading has-black-color has-text-color has-link-color wp-elements-60d6d0e0df28768d6888758eab75fa2d\"><strong>AGS Records Management : une pr\u00e9sence marqu\u00e9e et des \u00e9changes fructueux<\/strong><\/h2>\n\n\n\n<p>Pr\u00e9sent en tant qu\u2019acteur <strong>cl\u00e9 du secteur<\/strong>, AGS Records Management a profit\u00e9 de cet \u00e9v\u00e9nement pour rencontrer et \u00e9changer avec les nombreux visiteurs et professionnels du domaine. Mathieu de Bruyne, Directeur du P\u00f4le Archives Conseil, Lucie Derumaux son adjointe ainsi que l\u2019ensemble des chef(fe)s de projets et leurs adjoint(e)s \u00e9taient pr\u00e9sent(e)s pour dialoguer avec les participants, partager leur expertise en <a href=\"https:\/\/www.ags-recordsmanagement.com\/fr\/audit-documentaire-conseil-archivage\/audit-rgpd-dpo-externalise\/\" target=\"_blank\" rel=\"noreferrer noopener\">ing\u00e9nierie documentaire<\/a> et mieux appr\u00e9hender les \u00e9volutions futures du secteur.<\/p>\n\n\n\n<p><\/p>\n\n\n\n<blockquote class=\"wp-block-quote is-layout-flow wp-block-quote-is-layout-flow\">\n<p><em>\u00ab Le Forum des Archivistes est toujours un moment fort pour notre <strong>profession<\/strong>. Cette \u00e9dition 2025 a confirm\u00e9, combien nos m\u00e9tiers sont en constante \u00e9volution et combien les \u00e9changes entre praticiens sont essentiels pour faire face collectivement aux nouveaux d\u00e9fis. Au sein du P\u00f4le, nous sommes quotidiennement confront\u00e9s \u00e0 la diversit\u00e9 des besoins en archivage, de l\u2019accompagnement \u00e0 la structuration de projets jusqu\u2019au conseil strat\u00e9gique, et ces temps de partage nous permettent de toujours mieux adapter nos solutions aux r\u00e9alit\u00e9s de terrain. \u00bb<\/em> <\/p>\n<cite>Lucie Derumaux, Directrice adjointe du P\u00f4le Archives &amp; Conseil<\/cite><\/blockquote>\n\n\n\n<p><\/p>\n\n\n\n<figure class=\"wp-block-image size-full\"><img loading=\"lazy\" decoding=\"async\" width=\"1024\" height=\"400\" src=\"https:\/\/www.ags-recordsmanagement.com\/fr\/wp-content\/uploads\/sites\/2\/2025\/04\/Archives-au-Couvent-des-Jacobins.jpg\" alt=\"Rennes - Forum des Archivistes - Retour en images\" class=\"wp-image-987519097\" srcset=\"https:\/\/www.ags-recordsmanagement.com\/fr\/wp-content\/uploads\/sites\/2\/2025\/04\/Archives-au-Couvent-des-Jacobins.jpg 1024w, https:\/\/www.ags-recordsmanagement.com\/fr\/wp-content\/uploads\/sites\/2\/2025\/04\/Archives-au-Couvent-des-Jacobins-980x383.jpg 980w, https:\/\/www.ags-recordsmanagement.com\/fr\/wp-content\/uploads\/sites\/2\/2025\/04\/Archives-au-Couvent-des-Jacobins-480x188.jpg 480w\" sizes=\"(min-width: 0px) and (max-width: 480px) 480px, (min-width: 481px) and (max-width: 980px) 980px, (min-width: 981px) 1024px, 100vw\" \/><\/figure>\n\n\n\n<p><\/p>\n\n\n\n<h2 class=\"wp-block-heading has-black-color has-text-color has-link-color wp-elements-d3dca9fe9283f1bda6729b317caa3280\"><strong>En route vers l\u2019avenir<\/strong><\/h2>\n\n\n\n<p>Au-del\u00e0 des rencontres et discussions, ce Forum des Archivistes 2025 a \u00e9t\u00e9 une formidable opportunit\u00e9 de r\u00e9flexion sur l\u2019avenir du <strong>m\u00e9tier d\u2019archiviste<\/strong>, l\u2019\u00e9volution des <strong>pratiques archivistiques<\/strong> et les attentes soci\u00e9tales grandissantes en mati\u00e8re de transparence documentaire ouvrant des perspectives prometteuses.<\/p>\n\n\n\n<p>AGS Records Management remercie l\u2019AAF pour cette organisation exemplaire et l\u2019ensemble des participants pour la <strong>richesse des \u00e9changes<\/strong>. Une chose est s\u00fbre : le rendez-vous est pris pour la prochaine \u00e9dition, avec toujours plus d\u2019innovations et d\u2019engagement au service des archives et des archivistes\u00a0!<\/p>\n\n\n\n<p><\/p>\n\n\n\n<p><\/p>\n","protected":false},"excerpt":{"rendered":"<p>Le Couvent des Jacobins de Rennes a vibr\u00e9 du 26 au 28 mars dernier au rythme des discussions passionnantes du 4\u1d49 Forum des Archivistes. Organis\u00e9 par l\u2019Association des Archivistes Fran\u00e7ais (AAF), cet \u00e9v\u00e9nement d\u2019envergure nationale a r\u00e9uni pr\u00e8s de 1300 professionnels autour d\u2019une th\u00e9matique captivante : \u00ab Avec attention : archives, archivistes et soci\u00e9t\u00e9s \u00bb. [&hellip;]<\/p>\n","protected":false},"author":1,"featured_media":987519125,"comment_status":"closed","ping_status":"open","sticky":false,"template":"","format":"standard","meta":{"_acf_changed":false,"_et_pb_use_builder":"off","_et_pb_old_content":"","_et_gb_content_width":"","footnotes":""},"categories":[1137,1141],"tags":[],"subjects":[],"class_list":["post-987519093","post","type-post","status-publish","format-standard","has-post-thumbnail","hentry","category-actualite","category-evenement"],"acf":[],"_links":{"self":[{"href":"https:\/\/www.ags-recordsmanagement.com\/fr\/wp-json\/wp\/v2\/posts\/987519093"}],"collection":[{"href":"https:\/\/www.ags-recordsmanagement.com\/fr\/wp-json\/wp\/v2\/posts"}],"about":[{"href":"https:\/\/www.ags-recordsmanagement.com\/fr\/wp-json\/wp\/v2\/types\/post"}],"author":[{"embeddable":true,"href":"https:\/\/www.ags-recordsmanagement.com\/fr\/wp-json\/wp\/v2\/users\/1"}],"replies":[{"embeddable":true,"href":"https:\/\/www.ags-recordsmanagement.com\/fr\/wp-json\/wp\/v2\/comments?post=987519093"}],"version-history":[{"count":5,"href":"https:\/\/www.ags-recordsmanagement.com\/fr\/wp-json\/wp\/v2\/posts\/987519093\/revisions"}],"predecessor-version":[{"id":987519101,"href":"https:\/\/www.ags-recordsmanagement.com\/fr\/wp-json\/wp\/v2\/posts\/987519093\/revisions\/987519101"}],"wp:featuredmedia":[{"embeddable":true,"href":"https:\/\/www.ags-recordsmanagement.com\/fr\/wp-json\/wp\/v2\/media\/987519125"}],"wp:attachment":[{"href":"https:\/\/www.ags-recordsmanagement.com\/fr\/wp-json\/wp\/v2\/media?parent=987519093"}],"wp:term":[{"taxonomy":"category","embeddable":true,"href":"https:\/\/www.ags-recordsmanagement.com\/fr\/wp-json\/wp\/v2\/categories?post=987519093"},{"taxonomy":"post_tag","embeddable":true,"href":"https:\/\/www.ags-recordsmanagement.com\/fr\/wp-json\/wp\/v2\/tags?post=987519093"},{"taxonomy":"subjects","embeddable":true,"href":"https:\/\/www.ags-recordsmanagement.com\/fr\/wp-json\/wp\/v2\/subjects?post=987519093"}],"curies":[{"name":"wp","href":"https:\/\/api.w.org\/{rel}","templated":true}]}}