{"id":987519318,"date":"2025-04-29T16:10:46","date_gmt":"2025-04-29T14:10:46","guid":{"rendered":"https:\/\/www.ags-recordsmanagement.com\/fr\/?p=987519318"},"modified":"2026-01-05T16:46:47","modified_gmt":"2026-01-05T14:46:47","slug":"les-pdp-piliers-de-la-reforme-de-la-facturation-electronique","status":"publish","type":"post","link":"https:\/\/www.ags-recordsmanagement.com\/fr\/news\/les-pdp-piliers-de-la-reforme-de-la-facturation-electronique\/","title":{"rendered":"Les PDP piliers de la r\u00e9forme de la facturation \u00e9lectronique"},"content":{"rendered":"\n<p><\/p>\n\n\n\n<p>\u00c0 cette m\u00eame date, les grandes entreprises et les ETI auront \u00e9galement pour obligation d\u2019\u00e9mettre ces documents. Pour les TPE, PME et microentreprises, cette \u00e9tape deviendra obligatoire au <strong>1er septembre 2027<\/strong>.<\/p>\n\n\n\n<p><\/p>\n\n\n\n<h2 class=\"wp-block-heading\"><strong>Une facture \u00e9lectronique, c\u2019est quoi au juste&nbsp;?<\/strong><\/h2>\n\n\n\n<p>Une facture \u00e9lectronique est un document cr\u00e9\u00e9, \u00e9mis, transmis, re\u00e7u et archiv\u00e9 dans un format <strong>num\u00e9rique et structur\u00e9<\/strong>, conform\u00e9ment aux exigences l\u00e9gales en vigueur. Elle inclut toutes les mentions obligatoires (n\u00e9cessaires au calcul de la TVA, informations sur la nature des transactions\u2026).<\/p>\n\n\n\n<p><\/p>\n\n\n\n<h2 class=\"wp-block-heading\"><strong>Qu\u2019est-ce qu\u2019une PDP&nbsp;?<\/strong><\/h2>\n\n\n\n<p>Une PDP est une <strong>plateforme de d\u00e9mat\u00e9rialisation partenaire<\/strong> qui est immatricul\u00e9e et reconnue par l\u2019administration fiscale en tant qu\u2019acteur de confiance pour \u00e9mettre, recevoir et transmettre des <a href=\"https:\/\/www.ags-recordsmanagement.com\/fr\/reforme-facturation-electronique\/\" target=\"_blank\" rel=\"noreferrer noopener\">factures \u00e9lectroniques<\/a> conformes aux obligations l\u00e9gales (pour une dur\u00e9e de trois ans renouvelables). Le terme PDP est le mot d\u2019origine, mais depuis 2024, on l\u2019appelle <a href=\"https:\/\/www.ags-recordsmanagement.com\/fr\/reforme-facturation-electronique\/plateforme-pa-e-facturation\/\" target=\"_blank\" rel=\"noreferrer noopener\">Plateforme Agr\u00e9\u00e9e PA<\/a>.<\/p>\n\n\n\n<p>Elle assure la <strong>conformit\u00e9 l\u00e9gale<\/strong> et <strong>technique<\/strong> des factures, facilitant ainsi leur int\u00e9gration dans les syst\u00e8mes comptables des entreprises.<\/p>\n\n\n\n<p>Les missions de la plateforme de d\u00e9mat\u00e9rialisation partenaire&nbsp;:<\/p>\n\n\n\n<ul class=\"wp-block-list\">\n<li>\u00c9mettre et transmettre les factures aux bons destinataires<\/li>\n\n\n\n<li>Convertir les formats pour r\u00e9pondre aux standards<\/li>\n\n\n\n<li>V\u00e9rifier la conformit\u00e9 des donn\u00e9es<\/li>\n\n\n\n<li>Garantir l\u2019int\u00e9grit\u00e9, l\u2019authenticit\u00e9 et l\u2019exhaustivit\u00e9 des documents<\/li>\n\n\n\n<li>Archiver l\u00e9galement les factures<\/li>\n\n\n\n<li>Transmettre les donn\u00e9es fiscales \u00e0 l\u2019administration (TVA, paiements, statuts&#8230;)<\/li>\n<\/ul>\n\n\n\n<p><\/p>\n\n\n\n<h2 class=\"wp-block-heading\"><strong>Quelle diff\u00e9rence entre une PDP et un op\u00e9rateur de d\u00e9mat\u00e9rialisation&nbsp;?<\/strong><\/h2>\n\n\n\n<p>Un op\u00e9rateur de d\u00e9mat\u00e9rialisation (OD) est l\u2019interm\u00e9diaire technique entre les entreprises et les <a href=\"https:\/\/www.ags-recordsmanagement.com\/fr\/news\/pdp-agsrecordsmanagement\/\" target=\"_blank\" rel=\"noreferrer noopener\">PDP<\/a>. Son r\u00f4le est de faciliter l\u2019\u00e9mission et la r\u00e9ception des flux des factures \u00e9lectroniques et du <strong>e-reporting<\/strong>. Attention, contrairement \u00e0 une plateforme de d\u00e9mat\u00e9rialisation, un OD n\u2019est pas autoris\u00e9 \u00e0 transmettre des factures \u00e9lectroniques.<\/p>\n\n\n\n<p><\/p>\n\n\n\n<h2 class=\"wp-block-heading\"><strong>Pourquoi l\u2019\u00c9tat n\u2019a pas maintenu les PPF&nbsp;?<\/strong><\/h2>\n\n\n\n<p>Dans la premi\u00e8re version de la r\u00e9forme, le minist\u00e8re de l\u2019\u00c9conomie et des Finances avait pr\u00e9vu de d\u00e9ployer une plateforme devant jouer le r\u00f4le central dans la d\u00e9mat\u00e9rialisation des factures&nbsp;: le <strong>Portail Public de Facturation<\/strong> (PPF).<\/p>\n\n\n\n<figure class=\"wp-block-image size-full\"><img loading=\"lazy\" decoding=\"async\" width=\"1024\" height=\"400\" src=\"https:\/\/www.ags-recordsmanagement.com\/fr\/wp-content\/uploads\/sites\/2\/2025\/04\/PDP-2026.jpg\" alt=\"Les PDP optimisent les processus internes en automatisant l'\u00e9mission, la r\u00e9ception, le traitement et l'archivage des factures.\" class=\"wp-image-987519339\" srcset=\"https:\/\/www.ags-recordsmanagement.com\/fr\/wp-content\/uploads\/sites\/2\/2025\/04\/PDP-2026.jpg 1024w, https:\/\/www.ags-recordsmanagement.com\/fr\/wp-content\/uploads\/sites\/2\/2025\/04\/PDP-2026-980x383.jpg 980w, https:\/\/www.ags-recordsmanagement.com\/fr\/wp-content\/uploads\/sites\/2\/2025\/04\/PDP-2026-480x188.jpg 480w\" sizes=\"(min-width: 0px) and (max-width: 480px) 480px, (min-width: 481px) and (max-width: 980px) 980px, (min-width: 981px) 1024px, 100vw\" \/><\/figure>\n\n\n\n<p>Le PPF avait pour principale mission de proposer aux entreprises fran\u00e7aises une solution simple et gratuite pour traiter les factures \u00e9lectroniques. Le 15 octobre dernier, l\u2019\u00e9cosyst\u00e8me des Plateformes de D\u00e9mat\u00e9rialisation Partenaires (PDP) est jug\u00e9 suffisamment robuste et dynamique selon le minist\u00e8re de l\u2019\u00c9conomie et des Finances. L\u2019\u00c9tat annonce officiellement, d\u00e8s lors, l\u2019abandon du Portail Public de Facturation (PPF).<\/p>\n\n\n\n<p><\/p>\n\n\n\n<h2 class=\"wp-block-heading\"><strong>Quelle sera la nature des documents \u00e9chang\u00e9s&nbsp;?<\/strong><\/h2>\n\n\n\n<p>La <a href=\"https:\/\/www.ags-recordsmanagement.com\/fr\/numerisation-de-documents\/\" target=\"_blank\" rel=\"noreferrer noopener\">d\u00e9mat\u00e9rialisation<\/a> consiste \u00e0 transformer les factures papier en factures \u00e9lectroniques, mais elle vient bien au-del\u00e0 d\u2019un simple scan. Elle utilise des <strong>formats structur\u00e9s<\/strong> qui permettent aux syst\u00e8mes d\u2019information de traiter les donn\u00e9es des factures.<\/p>\n\n\n\n<p>Trois formats sont accept\u00e9s&nbsp;: la Factur-X, le UBL et le CII. Les formats non structur\u00e9s comme PDF simple, JPEG, PNG ou Word ne sont plus accept\u00e9s seuls, car ils ne permettent pas l&rsquo;automatisation des contr\u00f4les fiscaux.<\/p>\n\n\n\n<p>Une PDP peut convertir un document dans le format requis afin de garantir sa conformit\u00e9. Le format Factur-X permet d\u2019avoir une facture lisible par un humain et exploitable automatiquement par les syst\u00e8mes d\u2019exploitation. Il devient la norme en Europe pour assurer l\u2019interop\u00e9rabilit\u00e9 entre les diff\u00e9rentes plateformes.<\/p>\n\n\n\n<p><\/p>\n\n\n\n<h2 class=\"wp-block-heading\"><strong>Pourquoi adopter maintenant une PDP ?<\/strong><\/h2>\n\n\n\n<p>Les PDP optimisent les processus internes en automatisant l&rsquo;<strong>\u00e9mission<\/strong>, la <strong>r\u00e9ception<\/strong>, le <strong>traitement<\/strong> et <a href=\"https:\/\/www.ags-recordsmanagement.com\/fr\/archivage-electronique\/archivage-electronique-a-valeur-probante\/\" target=\"_blank\" rel=\"noreferrer noopener\">l&rsquo;archivage des factures<\/a>, r\u00e9duisant ainsi les erreurs et les risques de litiges. Donc en 2025, il est essentiel d\u2019\u00eatre pr\u00e9par\u00e9 \u00e0 la r\u00e9forme de la <a href=\"https:\/\/www.ags-recordsmanagement.com\/fr\/news\/facturation-electronique-les-etapes-et-mentions-a-integrer-des-maintenant\/\" target=\"_blank\" rel=\"noreferrer noopener\">facturation \u00e9lectronique<\/a>, notamment en faisant le choix d\u2019une PDP adapt\u00e9e aux besoins de l\u2019entreprise pour d\u00e9velopper la croissance de votre entreprise.<\/p>\n\n\n\n<p>Sans oublier que les objectifs de cette r\u00e9forme sont cruciaux&nbsp;: lutter contre la fraude \u00e0 la TVA, simplifier les obligations d\u00e9claratives des entreprises, am\u00e9liorer la comp\u00e9titivit\u00e9.<\/p>\n\n\n\n<p><\/p>\n\n\n\n<p><strong>Vous souhaitez \u00eatre accompagn\u00e9 dans votre projet de facturation \u00e9lectronique&nbsp;? Nos experts digitaux sont disponibles pour r\u00e9pondre \u00e0 vos questions.<\/strong><\/p>\n\n\n\n<p><\/p>\n\n\n\n<div class=\"wp-block-buttons is-horizontal is-content-justification-center is-layout-flex wp-container-core-buttons-is-layout-1 wp-block-buttons-is-layout-flex\">\n<div class=\"wp-block-button\"><a class=\"wp-block-button__link has-white-color has-text-color has-background has-link-color wp-element-button\" href=\"https:\/\/www.ags-recordsmanagement.com\/fr\/contactez-nous\/\" style=\"background-color:#aa1111\">Contactez-nous<\/a><\/div>\n<\/div>\n","protected":false},"excerpt":{"rendered":"<p>\u00c0 cette m\u00eame date, les grandes entreprises et les ETI auront \u00e9galement pour obligation d\u2019\u00e9mettre ces documents. Pour les TPE, PME et microentreprises, cette \u00e9tape deviendra obligatoire au 1er septembre 2027. Une facture \u00e9lectronique, c\u2019est quoi au juste&nbsp;? Une facture \u00e9lectronique est un document cr\u00e9\u00e9, \u00e9mis, transmis, re\u00e7u et archiv\u00e9 dans un format num\u00e9rique et [&hellip;]<\/p>\n","protected":false},"author":1,"featured_media":987519340,"comment_status":"closed","ping_status":"open","sticky":false,"template":"","format":"standard","meta":{"_acf_changed":false,"_et_pb_use_builder":"off","_et_pb_old_content":"<!-- wp:paragraph -->\n<p><\/p>\n<!-- \/wp:paragraph -->\n\n<!-- wp:heading {\"style\":{\"elements\":{\"link\":{\"color\":{\"text\":\"var:preset|color|vivid-cyan-blue\"}}}},\"textColor\":\"vivid-cyan-blue\"} -->\n<h2 class=\"wp-block-heading has-vivid-cyan-blue-color has-text-color has-link-color\">Au c\u0153ur de la r\u00e9forme de la facture \u00e9lectronique se trouvent les plateformes de d\u00e9mat\u00e9rialisation partenaire (<strong>PDP<\/strong>). En effet, \u00e0 compter du <strong>1 septembre 2026<\/strong>, les entreprises devront toutes avoir la capacit\u00e9 de recevoir des factures \u00e9lectroniques au travers une <a href=\"https:\/\/www.ags-recordsmanagement.com\/fr\/news\/pdp-agsrecordsmanagement\/\" target=\"_blank\" rel=\"noreferrer noopener\">plateforme de d\u00e9mat\u00e9rialisation partenaire<\/a> (PDP).<\/h2>\n<!-- \/wp:heading -->\n\n<!-- wp:paragraph -->\n<p><\/p>\n<!-- \/wp:paragraph -->\n\n<!-- wp:paragraph -->\n<p>\u00c0 cette m\u00eame date, les grandes entreprises et les ETI auront \u00e9galement pour obligation d\u2019\u00e9mettre ces documents. Pour les TPE, PME et microentreprises, cette \u00e9tape deviendra obligatoire au <strong>1<sup>er<\/sup> septembre 2027<\/strong>.<\/p>\n<!-- \/wp:paragraph -->\n\n<!-- wp:paragraph -->\n<p><\/p>\n<!-- \/wp:paragraph -->\n\n<!-- wp:heading {\"level\":3} -->\n<h3 class=\"wp-block-heading\"><strong>Une facture \u00e9lectronique, c\u2019est quoi au juste\u00a0?<\/strong><\/h3>\n<!-- \/wp:heading -->\n\n<!-- wp:paragraph -->\n<p>Une facture \u00e9lectronique est un document cr\u00e9\u00e9, \u00e9mis, transmis, re\u00e7u et archiv\u00e9 dans un format <strong>num\u00e9rique et structur\u00e9<\/strong>, conform\u00e9ment aux exigences l\u00e9gales en vigueur. Elle inclut toutes les mentions obligatoires (n\u00e9cessaires au calcul de la TVA, informations sur la nature des transactions\u2026).<\/p>\n<!-- \/wp:paragraph -->\n\n<!-- wp:paragraph -->\n<p><\/p>\n<!-- \/wp:paragraph -->\n\n<!-- wp:heading {\"level\":3} -->\n<h3 class=\"wp-block-heading\"><strong>Qu\u2019est-ce qu\u2019une PDP\u00a0?<\/strong><\/h3>\n<!-- \/wp:heading -->\n\n<!-- wp:paragraph -->\n<p>Une PDP est une <strong>plateforme de d\u00e9mat\u00e9rialisation partenaire<\/strong> qui est immatricul\u00e9e et reconnue par l\u2019administration fiscale en tant qu\u2019acteur de confiance pour \u00e9mettre, recevoir et transmettre des <a href=\"https:\/\/www.ags-recordsmanagement.com\/fr\/digitalisation-des-processus-documentaires\/solutions-de-dematerialisation\/\" target=\"_blank\" rel=\"noreferrer noopener\">factures \u00e9lectroniques<\/a> conformes aux obligations l\u00e9gales (pour une dur\u00e9e de trois ans renouvelables).<\/p>\n<!-- \/wp:paragraph -->\n\n<!-- wp:paragraph -->\n<p>Elle assure la <strong>conformit\u00e9 l\u00e9gale<\/strong> et <strong>technique<\/strong> des factures, facilitant ainsi leur int\u00e9gration dans les syst\u00e8mes comptables des entreprises.<\/p>\n<!-- \/wp:paragraph -->\n\n<!-- wp:paragraph -->\n<p>Ses missions&nbsp;:<\/p>\n<!-- \/wp:paragraph -->\n\n<!-- wp:list -->\n<ul><!-- wp:list-item -->\n<li>\u00c9mettre et transmettre les factures aux bons destinataires<\/li>\n<!-- \/wp:list-item -->\n\n<!-- wp:list-item -->\n<li>Convertir les formats pour r\u00e9pondre aux standards<\/li>\n<!-- \/wp:list-item -->\n\n<!-- wp:list-item -->\n<li>V\u00e9rifier la conformit\u00e9 des donn\u00e9es<\/li>\n<!-- \/wp:list-item -->\n\n<!-- wp:list-item -->\n<li>Garantir l\u2019int\u00e9grit\u00e9, l\u2019authenticit\u00e9 et l\u2019exhaustivit\u00e9 des documents<\/li>\n<!-- \/wp:list-item -->\n\n<!-- wp:list-item -->\n<li>Archiver l\u00e9galement les factures<\/li>\n<!-- \/wp:list-item -->\n\n<!-- wp:list-item -->\n<li>Transmettre les donn\u00e9es fiscales \u00e0 l\u2019administration (TVA, paiements, statuts...)<\/li>\n<!-- \/wp:list-item --><\/ul>\n<!-- \/wp:list -->\n\n<!-- wp:paragraph -->\n<p><\/p>\n<!-- \/wp:paragraph -->\n\n<!-- wp:heading {\"level\":3} -->\n<h3 class=\"wp-block-heading\"><strong>Quelle diff\u00e9rence entre une PDP et un op\u00e9rateur de d\u00e9mat\u00e9rialisation\u00a0?<\/strong><\/h3>\n<!-- \/wp:heading -->\n\n<!-- wp:paragraph -->\n<p>Un op\u00e9rateur de d\u00e9mat\u00e9rialisation (OD) est l\u2019interm\u00e9diaire technique entre les entreprises et les PDP. Son r\u00f4le est de faciliter l\u2019\u00e9mission et la r\u00e9ception des flux des factures \u00e9lectroniques et du <strong>e-reporting<\/strong>. Attention, contrairement \u00e0 une PDP, un OD n\u2019est pas autoris\u00e9 \u00e0 transmettre des factures \u00e9lectroniques.<\/p>\n<!-- \/wp:paragraph -->\n\n<!-- wp:paragraph -->\n<p><\/p>\n<!-- \/wp:paragraph -->\n\n<!-- wp:heading {\"level\":3} -->\n<h3 class=\"wp-block-heading\"><strong>Pourquoi l\u2019\u00c9tat n\u2019a pas maintenu les PPF\u00a0?<\/strong><\/h3>\n<!-- \/wp:heading -->\n\n<!-- wp:paragraph -->\n<p>Dans la premi\u00e8re version de la r\u00e9forme, le minist\u00e8re de l\u2019\u00c9conomie et des Finances avait pr\u00e9vu de d\u00e9ployer une plateforme devant jouer le r\u00f4le central dans la d\u00e9mat\u00e9rialisation des factures\u00a0: le <strong>Portail Public de Facturation<\/strong> (PPF).<\/p>\n<!-- \/wp:paragraph -->\n\n<!-- wp:paragraph -->\n<p>Le PPF avait pour principale mission de proposer aux entreprises fran\u00e7aises une solution simple et gratuite pour traiter les factures \u00e9lectroniques. Le 15 octobre dernier, l\u2019\u00e9cosyst\u00e8me des Plateformes de D\u00e9mat\u00e9rialisation Partenaires (PDP) est jug\u00e9 suffisamment robuste et dynamique selon le minist\u00e8re de l\u2019\u00c9conomie et des Finances. L\u2019\u00c9tat annonce officiellement, d\u00e8s lors, l\u2019abandon du Portail Public de Facturation (PPF).<\/p>\n<!-- \/wp:paragraph -->\n\n<!-- wp:paragraph -->\n<p><\/p>\n<!-- \/wp:paragraph -->\n\n<!-- wp:heading {\"level\":3} -->\n<h3 class=\"wp-block-heading\"><strong>Quelle sera la nature des documents \u00e9chang\u00e9s\u00a0?<\/strong><\/h3>\n<!-- \/wp:heading -->\n\n<!-- wp:paragraph -->\n<p>La <a href=\"https:\/\/www.ags-recordsmanagement.com\/fr\/numerisation-de-documents\/\" target=\"_blank\" rel=\"noreferrer noopener\">d\u00e9mat\u00e9rialisation<\/a> consiste \u00e0 transformer les factures papier en factures \u00e9lectroniques, mais elle vient bien au-del\u00e0 d\u2019un simple scan. Elle utilise des <strong>formats structur\u00e9s<\/strong> qui permettent aux syst\u00e8mes d\u2019information de traiter les donn\u00e9es des factures.<\/p>\n<!-- \/wp:paragraph -->\n\n<!-- wp:paragraph -->\n<p>Trois formats sont accept\u00e9s&nbsp;: la Factur-X, le UBL et le CII. Les formats non structur\u00e9s comme PDF simple, JPEG, PNG ou Word ne sont plus accept\u00e9s seuls, car ils ne permettent pas l'automatisation des contr\u00f4les fiscaux.<\/p>\n<!-- \/wp:paragraph -->\n\n<!-- wp:paragraph -->\n<p>Une PDP peut convertir un document dans le format requis afin de garantir sa conformit\u00e9. Le format Factur-X permet d\u2019avoir une facture lisible par un humain et exploitable automatiquement par les syst\u00e8mes d\u2019exploitation. Il devient la norme en Europe pour assurer l\u2019interop\u00e9rabilit\u00e9 entre les diff\u00e9rentes plateformes.<\/p>\n<!-- \/wp:paragraph -->\n\n<!-- wp:paragraph -->\n<p><\/p>\n<!-- \/wp:paragraph -->\n\n<!-- wp:heading {\"level\":3} -->\n<h3 class=\"wp-block-heading\"><strong>Pourquoi adopter maintenant\u00a0\u00e0 une PDP ?<\/strong><\/h3>\n<!-- \/wp:heading -->\n\n<!-- wp:paragraph -->\n<p>Les PDP optimisent les processus internes en automatisant l'<strong>\u00e9mission<\/strong>, la <strong>r\u00e9ception<\/strong>, le <strong>traitement<\/strong> et <a href=\"https:\/\/www.ags-recordsmanagement.com\/fr\/archivage-electronique\/archivage-electronique-a-valeur-probante\/\" target=\"_blank\" rel=\"noreferrer noopener\">l'archivage des factures<\/a>, r\u00e9duisant ainsi les erreurs et les risques de litiges. Donc en 2025, il est essentiel d\u2019\u00eatre pr\u00e9par\u00e9 \u00e0 la r\u00e9forme de la facturation \u00e9lectronique, notamment en faisant le choix d\u2019une PDP adapt\u00e9e aux besoins de l\u2019entreprise pour d\u00e9velopper la croissance de votre entreprise.<\/p>\n<!-- \/wp:paragraph -->\n\n<!-- wp:paragraph -->\n<p>Sans oublier que les objectifs de cette r\u00e9forme sont cruciaux\u00a0: lutter contre la fraude \u00e0 la TVA, simplifier les obligations d\u00e9claratives des entreprises, am\u00e9liorer la comp\u00e9titivit\u00e9.<\/p>\n<!-- \/wp:paragraph -->\n\n<!-- wp:paragraph -->\n<p><\/p>\n<!-- \/wp:paragraph -->\n\n<!-- wp:paragraph -->\n<p><strong>Vous souhaitez \u00eatre accompagn\u00e9 dans votre projet de facturation \u00e9lectronique\u00a0? Nos experts digitaux sont disponibles pour r\u00e9pondre \u00e0 vos questions.<\/strong><\/p>\n<!-- \/wp:paragraph -->\n\n<!-- wp:paragraph -->\n<p><\/p>\n<!-- \/wp:paragraph -->\n\n<!-- wp:buttons {\"layout\":{\"type\":\"flex\",\"justifyContent\":\"center\",\"orientation\":\"horizontal\",\"flexWrap\":\"wrap\"}} -->\n<div class=\"wp-block-buttons\"><!-- wp:button {\"textColor\":\"white\",\"style\":{\"elements\":{\"link\":{\"color\":{\"text\":\"var:preset|color|white\"}}},\"color\":{\"background\":\"#aa1111\"}}} -->\n<div class=\"wp-block-button\"><a class=\"wp-block-button__link has-white-color has-text-color has-background has-link-color wp-element-button\" href=\"https:\/\/www.ags-recordsmanagement.com\/fr\/contactez-nous\/\" style=\"background-color:#aa1111\">Contactez-nous<\/a><\/div>\n<!-- \/wp:button --><\/div>\n<!-- \/wp:buttons -->","_et_gb_content_width":"","footnotes":""},"categories":[1119,1242],"tags":[],"subjects":[],"class_list":["post-987519318","post","type-post","status-publish","format-standard","has-post-thumbnail","hentry","category-digitalisation","category-facturation-electronique"],"acf":[],"_links":{"self":[{"href":"https:\/\/www.ags-recordsmanagement.com\/fr\/wp-json\/wp\/v2\/posts\/987519318"}],"collection":[{"href":"https:\/\/www.ags-recordsmanagement.com\/fr\/wp-json\/wp\/v2\/posts"}],"about":[{"href":"https:\/\/www.ags-recordsmanagement.com\/fr\/wp-json\/wp\/v2\/types\/post"}],"author":[{"embeddable":true,"href":"https:\/\/www.ags-recordsmanagement.com\/fr\/wp-json\/wp\/v2\/users\/1"}],"replies":[{"embeddable":true,"href":"https:\/\/www.ags-recordsmanagement.com\/fr\/wp-json\/wp\/v2\/comments?post=987519318"}],"version-history":[{"count":9,"href":"https:\/\/www.ags-recordsmanagement.com\/fr\/wp-json\/wp\/v2\/posts\/987519318\/revisions"}],"predecessor-version":[{"id":987523050,"href":"https:\/\/www.ags-recordsmanagement.com\/fr\/wp-json\/wp\/v2\/posts\/987519318\/revisions\/987523050"}],"wp:featuredmedia":[{"embeddable":true,"href":"https:\/\/www.ags-recordsmanagement.com\/fr\/wp-json\/wp\/v2\/media\/987519340"}],"wp:attachment":[{"href":"https:\/\/www.ags-recordsmanagement.com\/fr\/wp-json\/wp\/v2\/media?parent=987519318"}],"wp:term":[{"taxonomy":"category","embeddable":true,"href":"https:\/\/www.ags-recordsmanagement.com\/fr\/wp-json\/wp\/v2\/categories?post=987519318"},{"taxonomy":"post_tag","embeddable":true,"href":"https:\/\/www.ags-recordsmanagement.com\/fr\/wp-json\/wp\/v2\/tags?post=987519318"},{"taxonomy":"subjects","embeddable":true,"href":"https:\/\/www.ags-recordsmanagement.com\/fr\/wp-json\/wp\/v2\/subjects?post=987519318"}],"curies":[{"name":"wp","href":"https:\/\/api.w.org\/{rel}","templated":true}]}}