{"id":987519994,"date":"2025-05-21T11:47:30","date_gmt":"2025-05-21T09:47:30","guid":{"rendered":"https:\/\/www.ags-recordsmanagement.com\/fr\/news\/mairie-dematerialisation-courrier-copy\/"},"modified":"2025-11-07T14:36:13","modified_gmt":"2025-11-07T12:36:13","slug":"kristell-lamande-experte-digitale","status":"publish","type":"post","link":"https:\/\/www.ags-recordsmanagement.com\/fr\/news\/kristell-lamande-experte-digitale\/","title":{"rendered":"Kristell Lamand\u00e9 : une expertise digitale au service de la transformation de nos clients"},"content":{"rendered":"\n<p><\/p>\n\n\n\n<h2 class=\"wp-block-heading has-vivid-cyan-blue-color has-text-color has-link-color wp-elements-d752d85dab6919030325e8d059ce799e\">Si AGS Records Management est une histoire de savoir-faire et de techniques, elle est aussi une histoire d\u2019hommes et de femmes qui, au quotidien, contribuent \u00e0 accompagner les entreprises et institutions dans leurs strat\u00e9gies d\u2019archivage et de d\u00e9mat\u00e9rialisation de leurs documents.<\/h2>\n\n\n\n<p><\/p>\n\n\n\n<p>Rencontre avec <a href=\"https:\/\/www.linkedin.com\/in\/kristell-lamand%C3%A9-02764b11b\/\" target=\"_blank\" rel=\"noreferrer noopener\">Kristell Lamand\u00e9<\/a>, Directrice de projets solutions digitales, qui joue un r\u00f4le central en guidant nos clients vers les <a href=\"https:\/\/www.ags-recordsmanagement.com\/fr\/solutions-logicielles\/\" target=\"_blank\" rel=\"noreferrer noopener\">solutions logicielles<\/a> les plus adapt\u00e9es \u00e0 leurs besoins.<\/p>\n\n\n\n<p><\/p>\n\n\n\n<h3 class=\"wp-block-heading\"><strong><strong>Une approche experte au c\u0153ur des solutions digitales<\/strong><\/strong><\/h3>\n\n\n\n<p>\u00ab\u00a0Il n\u2019y a pas de probl\u00e8me, il y a des solutions.\u00a0\u00bb Cette philosophie incarne parfaitement l\u2019approche de Kristell Lamand\u00e9 qui, forte d\u2019un parcours diversifi\u00e9 dans la politique, l\u2019administration, la <strong>comptabilit\u00e9<\/strong> et les <strong>ressources humaines<\/strong>, apporte une compr\u00e9hension transverse des enjeux des entreprises. De nature tr\u00e8s curieuse, cette juriste de formation aime d\u00e9couvrir sans cesse de nouveaux m\u00e9tiers et affronter de nouveaux d\u00e9fis. C\u2019est donc, presque, tout naturellement qu\u2019elle d\u00e9veloppe une <strong>expertise pointue<\/strong> pour le <strong>digital<\/strong>, le monde de la <a href=\"https:\/\/www.ags-recordsmanagement.com\/fr\/solutions-logicielles\/logiciel-g-e-d\/\" target=\"_blank\" rel=\"noreferrer noopener\">G.E.D<\/a> et des <a href=\"https:\/\/www.ags-recordsmanagement.com\/fr\/solutions-logicielles\/systeme-darchivage-electronique\/\" target=\"_blank\" rel=\"noreferrer noopener\">S.A.E<\/a>, faisant d\u2019elle une interlocutrice pr\u00e9cieuse pour les clients d\u2019AGS Records Management.<\/p>\n\n\n\n<p><\/p>\n\n\n\n<h3 class=\"wp-block-heading\"><strong><strong>Un accompagnement strat\u00e9gique d\u00e8s la conception des projets<\/strong><\/strong><\/h3>\n\n\n\n<p>D\u00e8s l\u2019\u00e9mergence d\u2019un projet, Kristell collabore avec les Ing\u00e9nieurs Avant-Ventes pour \u00e9tablir une estimation budg\u00e9taire pr\u00e9cise et <strong>analyser les besoins du client<\/strong>. Gr\u00e2ce \u00e0 son exp\u00e9rience, elle transforme les attentes des clients en recommandations concr\u00e8tes, assurant ainsi une planification budg\u00e9taire et une allocation des moyens parfaitement adapt\u00e9es \u00e0 la <strong>r\u00e9alit\u00e9 du projet<\/strong>.<\/p>\n\n\n\n<p>\u00ab\u00a0<em>De par mon exp\u00e9rience multiple, je parle le m\u00eame langage que les clients que ce soit des <a href=\"https:\/\/www.ags-recordsmanagement.com\/fr\/ressources-humaines\/\" target=\"_blank\" rel=\"noreferrer noopener\">DRH<\/a>, des gens de l\u2019administration ou de la comptabilit\u00e9, <\/em>souligne-t-elle<em>. Je leur montre que je comprends ce qu\u2019ils veulent et c\u2019est rassurant pour les clients. Mon r\u00f4le est d\u2019apporter une vision pragmatique et adapt\u00e9e aux r\u00e9alit\u00e9s de chaque entreprise<\/em>.\u00a0\u00bb explique-t-elle.<\/p>\n\n\n\n<p><\/p>\n\n\n\n<h3 class=\"wp-block-heading\"><strong><strong><strong>De la d\u00e9finition des besoins \u00e0 la mise en production<\/strong><\/strong><\/strong><\/h3>\n\n\n\n<p>Une fois le projet valid\u00e9, Kristell enfile sa deuxi\u00e8me casquette et entre dans une phase d\u2019<strong>accompagnement approfondi<\/strong>. Elle aide les clients \u00e0 <strong>clarifier<\/strong> leurs attentes, <strong>organise des ateliers d\u2019expression<\/strong> des besoins et <strong>r\u00e9dige des sp\u00e9cifications techniques<\/strong> pr\u00e9cises, toujours en lien \u00e9troit avec les parties prenantes. Une fois le d\u00e9veloppement de la solution lanc\u00e9, Kristell veille \u00e0 son bon d\u00e9roulement jusqu\u2019\u00e0 sa mise en place. Qu\u2019il s\u2019agisse d\u2019une <a href=\"https:\/\/www.ags-recordsmanagement.com\/fr\/news\/fonctionnement-ged\/\" target=\"_blank\" rel=\"noreferrer noopener\"><strong>G.E.D<\/strong> aux fonctionnalit\u00e9s avanc\u00e9es<\/a> ou de solutions moins complexes, elle veille \u00e0 chaque \u00e9tape, pour assurer une <strong>conformit\u00e9 parfaite<\/strong> aux attentes du client.<\/p>\n\n\n\n<p>\u00ab <em>Mon objectif est de faire en sorte que nous parlions tous le m\u00eame langage pour garantir une mise en \u0153uvre fluide et efficace en s\u2019adaptant au mieux \u00e0 leurs besoins, en fonction de ce qu\u2019ils ont d\u00e9j\u00e0 mis en place et ce qu\u2019ils veulent<\/em>. \u00bb assure Kristell Lamand\u00e9<\/p>\n\n\n\n<p><\/p>\n\n\n\n<figure class=\"wp-block-image size-full\"><img loading=\"lazy\" decoding=\"async\" width=\"1024\" height=\"400\" src=\"https:\/\/www.ags-recordsmanagement.com\/fr\/wp-content\/uploads\/sites\/2\/2025\/05\/transformation-digitale-entreprise.jpg\" alt=\"AGS Records Management propose une gamme de solutions logicielles GED et SAE.\" class=\"wp-image-987520001\" srcset=\"https:\/\/www.ags-recordsmanagement.com\/fr\/wp-content\/uploads\/sites\/2\/2025\/05\/transformation-digitale-entreprise.jpg 1024w, https:\/\/www.ags-recordsmanagement.com\/fr\/wp-content\/uploads\/sites\/2\/2025\/05\/transformation-digitale-entreprise-980x383.jpg 980w, https:\/\/www.ags-recordsmanagement.com\/fr\/wp-content\/uploads\/sites\/2\/2025\/05\/transformation-digitale-entreprise-480x188.jpg 480w\" sizes=\"(min-width: 0px) and (max-width: 480px) 480px, (min-width: 481px) and (max-width: 980px) 980px, (min-width: 981px) 1024px, 100vw\" \/><\/figure>\n\n\n\n<p><\/p>\n\n\n\n<h3 class=\"wp-block-heading\"><strong><strong><strong>Une vision proactive pour anticiper l\u2019avenir<\/strong><\/strong><\/strong><\/h3>\n\n\n\n<p>Loin de se limiter \u00e0 l\u2019impl\u00e9mentation technique, Kristell Lamand\u00e9 joue un r\u00f4le d\u00e9cisif dans la <strong>formation des utilisateurs<\/strong> et l\u2019am\u00e9lioration continue des solutions de G.E.D ou de S.A.E. Gr\u00e2ce \u00e0 sa connaissance de l\u2019outil et son <strong>expertise technique<\/strong>, elle peut anticiper les besoins \u00e9mergents et proposer des \u00e9volutions strat\u00e9giques.<\/p>\n\n\n\n<p>\u00ab <em>Certains clients n\u2019ont qu\u2019une connaissance partielle des capacit\u00e9s d\u2019une G.E.D. Mon r\u00f4le est de les guider vers des am\u00e9liorations pertinentes et adapt\u00e9es \u00e0 leur activit\u00e9<\/em>. \u00bb souligne la Directrice de projet<\/p>\n\n\n\n<p><\/p>\n\n\n\n<h3 class=\"wp-block-heading\"><strong><strong>Un engagement total pour la r\u00e9ussite des projets<\/strong><\/strong><\/h3>\n\n\n\n<p>Kristell assure \u00e9galement un suivi rigoureux du budget et du planning, tout en identifiant les opportunit\u00e9s d\u2019optimisation. Parmi les projets marquants qu\u2019elle a pilot\u00e9s, celui d\u2019un <a href=\"https:\/\/www.ags-recordsmanagement.com\/fr\/secteur-habitat-social\/\" target=\"_blank\" rel=\"noreferrer noopener\">bailleur social<\/a> illustre bien son approche. En menant sept mois d\u2019ateliers d\u2019expression des besoins, elle a su concevoir une G.E.D \u00e9volutive r\u00e9pondant aux exigences de <strong>divers m\u00e9tiers<\/strong>, du service comptabilit\u00e9 \u00e0 la relation client.<\/p>\n\n\n\n<p>\u00ab <em>Chaque d\u00e9partement a sa propre logique de recherche documentaire, avec des crit\u00e8res et des m\u00e9thodes sp\u00e9cifiques adapt\u00e9s \u00e0 son activit\u00e9. Notre challenge est de structurer l\u2019information de fa\u00e7on optimale pour tous, en veillant \u00e0 ce que chaque utilisateur puisse retrouver rapidement et efficacement les documents dont il a besoin, quel que soit son domaine d&rsquo;expertise<\/em>. \u00bb pr\u00e9cise Kristell<\/p>\n\n\n\n<p>Kristell Lamand\u00e9 incarne ainsi <strong>l\u2019excellence du conseil<\/strong> en solutions digitales chez AGS Records Management. Son expertise technique, son sens de l\u2019anticipation et son engagement client sont les piliers de la r\u00e9ussite des projets de <strong>transformation digitale<\/strong>. \u00ab<em> \u00catre \u00e0 l&rsquo;\u00e9coute est la cl\u00e9 de ce m\u00e9tier <\/em>\u00bb conclut-elle. Un savoir-faire qui fait d\u2019elle une partenaire incontournable pour toute entreprise en qu\u00eate d\u2019une digitalisation ma\u00eetris\u00e9e et performante&nbsp;!<\/p>\n\n\n\n<p>Acc\u00e9l\u00e9rez votre transformation digitale avec l\u2019expertise de nos Directeurs de projets : contactez d\u00e8s maintenant AGS Records Management pour des solutions sur mesure et performantes\u202f!<\/p>\n\n\n\n<p><\/p>\n\n\n\n<p><strong><a href=\"https:\/\/www.ags-recordsmanagement.com\/fr\/contactez-nous\/\" target=\"_blank\" rel=\"noreferrer noopener\">Contactez<\/a> d\u00e8s maintenant nos experts digitaux, ils vous accompagnent dans la mise en place de votre projet.<\/strong><\/p>\n","protected":false},"excerpt":{"rendered":"<p>Si AGS Records Management est une histoire de savoir-faire et de techniques, elle est aussi une histoire d\u2019hommes et de femmes qui, au quotidien, contribuent \u00e0 accompagner les entreprises et institutions dans leurs strat\u00e9gies d\u2019archivage et de d\u00e9mat\u00e9rialisation de leurs documents. Rencontre avec Kristell Lamand\u00e9, Directrice de projets solutions digitales, qui joue un r\u00f4le central [&hellip;]<\/p>\n","protected":false},"author":9,"featured_media":987520034,"comment_status":"closed","ping_status":"open","sticky":false,"template":"","format":"standard","meta":{"_acf_changed":false,"_et_pb_use_builder":"off","_et_pb_old_content":"<!-- wp:paragraph -->\n<p><\/p>\n<!-- \/wp:paragraph -->\n\n<!-- wp:heading {\"style\":{\"elements\":{\"link\":{\"color\":{\"text\":\"var:preset|color|vivid-cyan-blue\"}}}},\"textColor\":\"vivid-cyan-blue\"} -->\n<h2 class=\"wp-block-heading has-vivid-cyan-blue-color has-text-color has-link-color\">Au c\u0153ur de la r\u00e9forme de la facture \u00e9lectronique se trouvent les plateformes de d\u00e9mat\u00e9rialisation partenaire (<strong>PDP<\/strong>). En effet, \u00e0 compter du <strong>1 septembre 2026<\/strong>, les entreprises devront toutes avoir la capacit\u00e9 de recevoir des factures \u00e9lectroniques au travers une <a href=\"https:\/\/www.ags-recordsmanagement.com\/fr\/news\/pdp-agsrecordsmanagement\/\" target=\"_blank\" rel=\"noreferrer noopener\">plateforme de d\u00e9mat\u00e9rialisation partenaire<\/a> (PDP).<\/h2>\n<!-- \/wp:heading -->\n\n<!-- wp:paragraph -->\n<p><\/p>\n<!-- \/wp:paragraph -->\n\n<!-- wp:paragraph -->\n<p>\u00c0 cette m\u00eame date, les grandes entreprises et les ETI auront \u00e9galement pour obligation d\u2019\u00e9mettre ces documents. Pour les TPE, PME et microentreprises, cette \u00e9tape deviendra obligatoire au <strong>1<sup>er<\/sup> septembre 2027<\/strong>.<\/p>\n<!-- \/wp:paragraph -->\n\n<!-- wp:paragraph -->\n<p><\/p>\n<!-- \/wp:paragraph -->\n\n<!-- wp:heading {\"level\":3} -->\n<h3 class=\"wp-block-heading\"><strong>Une facture \u00e9lectronique, c\u2019est quoi au juste\u00a0?<\/strong><\/h3>\n<!-- \/wp:heading -->\n\n<!-- wp:paragraph -->\n<p>Une facture \u00e9lectronique est un document cr\u00e9\u00e9, \u00e9mis, transmis, re\u00e7u et archiv\u00e9 dans un format <strong>num\u00e9rique et structur\u00e9<\/strong>, conform\u00e9ment aux exigences l\u00e9gales en vigueur. Elle inclut toutes les mentions obligatoires (n\u00e9cessaires au calcul de la TVA, informations sur la nature des transactions\u2026).<\/p>\n<!-- \/wp:paragraph -->\n\n<!-- wp:paragraph -->\n<p><\/p>\n<!-- \/wp:paragraph -->\n\n<!-- wp:heading {\"level\":3} -->\n<h3 class=\"wp-block-heading\"><strong>Qu\u2019est-ce qu\u2019une PDP\u00a0?<\/strong><\/h3>\n<!-- \/wp:heading -->\n\n<!-- wp:paragraph -->\n<p>Une PDP est une <strong>plateforme de d\u00e9mat\u00e9rialisation partenaire<\/strong> qui est immatricul\u00e9e et reconnue par l\u2019administration fiscale en tant qu\u2019acteur de confiance pour \u00e9mettre, recevoir et transmettre des <a href=\"https:\/\/www.ags-recordsmanagement.com\/fr\/digitalisation-des-processus-documentaires\/solutions-de-dematerialisation\/\" target=\"_blank\" rel=\"noreferrer noopener\">factures \u00e9lectroniques<\/a> conformes aux obligations l\u00e9gales (pour une dur\u00e9e de trois ans renouvelables).<\/p>\n<!-- \/wp:paragraph -->\n\n<!-- wp:paragraph -->\n<p>Elle assure la <strong>conformit\u00e9 l\u00e9gale<\/strong> et <strong>technique<\/strong> des factures, facilitant ainsi leur int\u00e9gration dans les syst\u00e8mes comptables des entreprises.<\/p>\n<!-- \/wp:paragraph -->\n\n<!-- wp:paragraph -->\n<p>Ses missions&nbsp;:<\/p>\n<!-- \/wp:paragraph -->\n\n<!-- wp:list -->\n<ul><!-- wp:list-item -->\n<li>\u00c9mettre et transmettre les factures aux bons destinataires<\/li>\n<!-- \/wp:list-item -->\n\n<!-- wp:list-item -->\n<li>Convertir les formats pour r\u00e9pondre aux standards<\/li>\n<!-- \/wp:list-item -->\n\n<!-- wp:list-item -->\n<li>V\u00e9rifier la conformit\u00e9 des donn\u00e9es<\/li>\n<!-- \/wp:list-item -->\n\n<!-- wp:list-item -->\n<li>Garantir l\u2019int\u00e9grit\u00e9, l\u2019authenticit\u00e9 et l\u2019exhaustivit\u00e9 des documents<\/li>\n<!-- \/wp:list-item -->\n\n<!-- wp:list-item -->\n<li>Archiver l\u00e9galement les factures<\/li>\n<!-- \/wp:list-item -->\n\n<!-- wp:list-item -->\n<li>Transmettre les donn\u00e9es fiscales \u00e0 l\u2019administration (TVA, paiements, statuts...)<\/li>\n<!-- \/wp:list-item --><\/ul>\n<!-- \/wp:list -->\n\n<!-- wp:paragraph -->\n<p><\/p>\n<!-- \/wp:paragraph -->\n\n<!-- wp:heading {\"level\":3} -->\n<h3 class=\"wp-block-heading\"><strong>Quelle diff\u00e9rence entre une PDP et un op\u00e9rateur de d\u00e9mat\u00e9rialisation\u00a0?<\/strong><\/h3>\n<!-- \/wp:heading -->\n\n<!-- wp:paragraph -->\n<p>Un op\u00e9rateur de d\u00e9mat\u00e9rialisation (OD) est l\u2019interm\u00e9diaire technique entre les entreprises et les PDP. Son r\u00f4le est de faciliter l\u2019\u00e9mission et la r\u00e9ception des flux des factures \u00e9lectroniques et du <strong>e-reporting<\/strong>. Attention, contrairement \u00e0 une PDP, un OD n\u2019est pas autoris\u00e9 \u00e0 transmettre des factures \u00e9lectroniques.<\/p>\n<!-- \/wp:paragraph -->\n\n<!-- wp:paragraph -->\n<p><\/p>\n<!-- \/wp:paragraph -->\n\n<!-- wp:heading {\"level\":3} -->\n<h3 class=\"wp-block-heading\"><strong>Pourquoi l\u2019\u00c9tat n\u2019a pas maintenu les PPF\u00a0?<\/strong><\/h3>\n<!-- \/wp:heading -->\n\n<!-- wp:paragraph -->\n<p>Dans la premi\u00e8re version de la r\u00e9forme, le minist\u00e8re de l\u2019\u00c9conomie et des Finances avait pr\u00e9vu de d\u00e9ployer une plateforme devant jouer le r\u00f4le central dans la d\u00e9mat\u00e9rialisation des factures\u00a0: le <strong>Portail Public de Facturation<\/strong> (PPF).<\/p>\n<!-- \/wp:paragraph -->\n\n<!-- wp:paragraph -->\n<p>Le PPF avait pour principale mission de proposer aux entreprises fran\u00e7aises une solution simple et gratuite pour traiter les factures \u00e9lectroniques. Le 15 octobre dernier, l\u2019\u00e9cosyst\u00e8me des Plateformes de D\u00e9mat\u00e9rialisation Partenaires (PDP) est jug\u00e9 suffisamment robuste et dynamique selon le minist\u00e8re de l\u2019\u00c9conomie et des Finances. L\u2019\u00c9tat annonce officiellement, d\u00e8s lors, l\u2019abandon du Portail Public de Facturation (PPF).<\/p>\n<!-- \/wp:paragraph -->\n\n<!-- wp:paragraph -->\n<p><\/p>\n<!-- \/wp:paragraph -->\n\n<!-- wp:heading {\"level\":3} -->\n<h3 class=\"wp-block-heading\"><strong>Quelle sera la nature des documents \u00e9chang\u00e9s\u00a0?<\/strong><\/h3>\n<!-- \/wp:heading -->\n\n<!-- wp:paragraph -->\n<p>La <a href=\"https:\/\/www.ags-recordsmanagement.com\/fr\/numerisation-de-documents\/\" target=\"_blank\" rel=\"noreferrer noopener\">d\u00e9mat\u00e9rialisation<\/a> consiste \u00e0 transformer les factures papier en factures \u00e9lectroniques, mais elle vient bien au-del\u00e0 d\u2019un simple scan. Elle utilise des <strong>formats structur\u00e9s<\/strong> qui permettent aux syst\u00e8mes d\u2019information de traiter les donn\u00e9es des factures.<\/p>\n<!-- \/wp:paragraph -->\n\n<!-- wp:paragraph -->\n<p>Trois formats sont accept\u00e9s&nbsp;: la Factur-X, le UBL et le CII. Les formats non structur\u00e9s comme PDF simple, JPEG, PNG ou Word ne sont plus accept\u00e9s seuls, car ils ne permettent pas l'automatisation des contr\u00f4les fiscaux.<\/p>\n<!-- \/wp:paragraph -->\n\n<!-- wp:paragraph -->\n<p>Une PDP peut convertir un document dans le format requis afin de garantir sa conformit\u00e9. Le format Factur-X permet d\u2019avoir une facture lisible par un humain et exploitable automatiquement par les syst\u00e8mes d\u2019exploitation. Il devient la norme en Europe pour assurer l\u2019interop\u00e9rabilit\u00e9 entre les diff\u00e9rentes plateformes.<\/p>\n<!-- \/wp:paragraph -->\n\n<!-- wp:paragraph -->\n<p><\/p>\n<!-- \/wp:paragraph -->\n\n<!-- wp:heading {\"level\":3} -->\n<h3 class=\"wp-block-heading\"><strong>Pourquoi adopter maintenant\u00a0\u00e0 une PDP ?<\/strong><\/h3>\n<!-- \/wp:heading -->\n\n<!-- wp:paragraph -->\n<p>Les PDP optimisent les processus internes en automatisant l'<strong>\u00e9mission<\/strong>, la <strong>r\u00e9ception<\/strong>, le <strong>traitement<\/strong> et <a href=\"https:\/\/www.ags-recordsmanagement.com\/fr\/archivage-electronique\/archivage-electronique-a-valeur-probante\/\" target=\"_blank\" rel=\"noreferrer noopener\">l'archivage des factures<\/a>, r\u00e9duisant ainsi les erreurs et les risques de litiges. Donc en 2025, il est essentiel d\u2019\u00eatre pr\u00e9par\u00e9 \u00e0 la r\u00e9forme de la facturation \u00e9lectronique, notamment en faisant le choix d\u2019une PDP adapt\u00e9e aux besoins de l\u2019entreprise pour d\u00e9velopper la croissance de votre entreprise.<\/p>\n<!-- \/wp:paragraph -->\n\n<!-- wp:paragraph -->\n<p>Sans oublier que les objectifs de cette r\u00e9forme sont cruciaux\u00a0: lutter contre la fraude \u00e0 la TVA, simplifier les obligations d\u00e9claratives des entreprises, am\u00e9liorer la comp\u00e9titivit\u00e9.<\/p>\n<!-- \/wp:paragraph -->\n\n<!-- wp:paragraph -->\n<p><\/p>\n<!-- \/wp:paragraph -->\n\n<!-- wp:paragraph -->\n<p><strong>Vous souhaitez \u00eatre accompagn\u00e9 dans votre projet de facturation \u00e9lectronique\u00a0? Nos experts digitaux sont disponibles pour r\u00e9pondre \u00e0 vos questions.<\/strong><\/p>\n<!-- \/wp:paragraph -->\n\n<!-- wp:paragraph -->\n<p><\/p>\n<!-- \/wp:paragraph -->\n\n<!-- wp:buttons {\"layout\":{\"type\":\"flex\",\"justifyContent\":\"center\",\"orientation\":\"horizontal\",\"flexWrap\":\"wrap\"}} -->\n<div class=\"wp-block-buttons\"><!-- wp:button {\"textColor\":\"white\",\"style\":{\"elements\":{\"link\":{\"color\":{\"text\":\"var:preset|color|white\"}}},\"color\":{\"background\":\"#aa1111\"}}} -->\n<div class=\"wp-block-button\"><a class=\"wp-block-button__link has-white-color has-text-color has-background has-link-color wp-element-button\" href=\"https:\/\/www.ags-recordsmanagement.com\/fr\/contactez-nous\/\" style=\"background-color:#aa1111\">Contactez-nous<\/a><\/div>\n<!-- \/wp:button --><\/div>\n<!-- \/wp:buttons -->","_et_gb_content_width":"","footnotes":""},"categories":[1103,1119,1139],"tags":[],"subjects":[],"class_list":["post-987519994","post","type-post","status-publish","format-standard","has-post-thumbnail","hentry","category-archivage","category-digitalisation","category-paroles-dexperts"],"acf":[],"_links":{"self":[{"href":"https:\/\/www.ags-recordsmanagement.com\/fr\/wp-json\/wp\/v2\/posts\/987519994"}],"collection":[{"href":"https:\/\/www.ags-recordsmanagement.com\/fr\/wp-json\/wp\/v2\/posts"}],"about":[{"href":"https:\/\/www.ags-recordsmanagement.com\/fr\/wp-json\/wp\/v2\/types\/post"}],"author":[{"embeddable":true,"href":"https:\/\/www.ags-recordsmanagement.com\/fr\/wp-json\/wp\/v2\/users\/9"}],"replies":[{"embeddable":true,"href":"https:\/\/www.ags-recordsmanagement.com\/fr\/wp-json\/wp\/v2\/comments?post=987519994"}],"version-history":[{"count":8,"href":"https:\/\/www.ags-recordsmanagement.com\/fr\/wp-json\/wp\/v2\/posts\/987519994\/revisions"}],"predecessor-version":[{"id":987522142,"href":"https:\/\/www.ags-recordsmanagement.com\/fr\/wp-json\/wp\/v2\/posts\/987519994\/revisions\/987522142"}],"wp:featuredmedia":[{"embeddable":true,"href":"https:\/\/www.ags-recordsmanagement.com\/fr\/wp-json\/wp\/v2\/media\/987520034"}],"wp:attachment":[{"href":"https:\/\/www.ags-recordsmanagement.com\/fr\/wp-json\/wp\/v2\/media?parent=987519994"}],"wp:term":[{"taxonomy":"category","embeddable":true,"href":"https:\/\/www.ags-recordsmanagement.com\/fr\/wp-json\/wp\/v2\/categories?post=987519994"},{"taxonomy":"post_tag","embeddable":true,"href":"https:\/\/www.ags-recordsmanagement.com\/fr\/wp-json\/wp\/v2\/tags?post=987519994"},{"taxonomy":"subjects","embeddable":true,"href":"https:\/\/www.ags-recordsmanagement.com\/fr\/wp-json\/wp\/v2\/subjects?post=987519994"}],"curies":[{"name":"wp","href":"https:\/\/api.w.org\/{rel}","templated":true}]}}