{"id":987520098,"date":"2025-06-17T14:46:16","date_gmt":"2025-06-17T12:46:16","guid":{"rendered":"https:\/\/www.ags-recordsmanagement.com\/fr\/?p=987520098"},"modified":"2025-06-19T11:41:46","modified_gmt":"2025-06-19T09:41:46","slug":"christophe-delran-le-chef-dorchestre-de-la-transformation-de-blan","status":"publish","type":"post","link":"https:\/\/www.ags-recordsmanagement.com\/fr\/news\/christophe-delran-le-chef-dorchestre-de-la-transformation-de-blan\/","title":{"rendered":"Christophe Delran, le chef d\u2019orchestre de la transformation de Blan"},"content":{"rendered":"\n<p><\/p>\n\n\n\n<h2 class=\"wp-block-heading has-vivid-cyan-blue-color has-text-color has-link-color wp-elements-ee9999fdaebf5e69f4aaa1e2a34e5bb6\"><strong>Si AGS Records Management est une histoire de savoir-faire et de techniques, elle est aussi une histoire d\u2019hommes et de femmes qui, au quotidien, contribuent \u00e0 accompagner les entreprises et institutions dans leurs strat\u00e9gies d\u2019archivage et de num\u00e9risation de leurs documents. Rencontre avec Christophe Delran, Responsable Adjoint Num\u00e9rique sur le site de Blan.<\/strong><\/h2>\n\n\n\n<p><\/p>\n\n\n\n<p>Depuis trois ans et demi, Christophe Delran occupe les fonctions de Responsable Adjoint Num\u00e9rique sur le site de <a href=\"https:\/\/www.ags-recordsmanagement.com\/fr\/nos-implantations\/france-metropolitaine-et-dom-tom\/castres\/\" target=\"_blank\" rel=\"noreferrer noopener\">Blan<\/a>. Pourtant, c\u2019est par le fruit du hasard et \u00e0 l\u2019aune d\u2019une reconversion qui aurait pu le conduire \u00e0 devenir professeur de math\u00e9matiques, que ce passionn\u00e9 d\u2019informatique et d\u2019a\u00e9ronautique a int\u00e9gr\u00e9 les \u00e9quipes d\u2019Archibald en juillet 2021. Suite \u00e0 l\u2019int\u00e9gration de la soci\u00e9t\u00e9 au groupe AGS Records Management, le site de Blan avait besoin d\u2019un manager pour assurer la continuit\u00e9 de l\u2019activit\u00e9. L\u2019ing\u00e9nieur informatique, ayant pass\u00e9 25 ans dans une ESN de Toulouse, r\u00e9pond \u00e0 l\u2019annonce, malgr\u00e9 sa m\u00e9connaissance du secteur de la <a href=\"https:\/\/www.ags-recordsmanagement.com\/fr\/numerisation-de-documents\/\" target=\"_blank\" rel=\"noreferrer noopener\">num\u00e9risation<\/a>. Il int\u00e8gre les \u00e9quipes rapidement et d\u00e9couvre tout un univers.<\/p>\n\n\n\n<p><\/p>\n\n\n\n<h3 class=\"wp-block-heading\"><strong>D\u00e9couvrir la sp\u00e9cificit\u00e9 de l\u2019activit\u00e9 de Blan<\/strong><\/h3>\n\n\n\n<p><\/p>\n\n\n\n<blockquote class=\"wp-block-quote is-layout-flow wp-block-quote-is-layout-flow\">\n<p><em>\u00ab\u00a0Le challenge \u00e9tait int\u00e9ressant, car malgr\u00e9 mon exp\u00e9rience de manager d\u2019agence de 120 collaborateurs, il fallait m\u2019adapter et apprendre ce nouveau m\u00e9tier, en m\u2019appuyant sur l\u2019exp\u00e9rience de la douzaine d\u2019op\u00e9rateurs et op\u00e9ratrices de l\u2019entreprise<\/em>\u00a0\u00bb.<\/p>\n<cite>Christophe Delran, Responsable Adjoint Num\u00e9rique<\/cite><\/blockquote>\n\n\n\n<p>Avec toute la sp\u00e9cificit\u00e9 propre au site de Blan. En effet, ce <strong>centre de num\u00e9risation<\/strong> est divis\u00e9 en deux sites distincts situ\u00e9s \u00e0 quelques kilom\u00e8tres l\u2019un de l\u2019autre <em>(le deuxi\u00e8me site \u00e9tant le centre d\u2019archivage g\u00e9r\u00e9 par Alexandre Marc)<\/em>. Sur place, \u00e0 son arriv\u00e9e, l\u2019activit\u00e9 principale repose sur le <a href=\"https:\/\/www.ags-recordsmanagement.com\/fr\/digitalisation-des-processus-documentaires\/solutions-de-dematerialisation\/\" target=\"_blank\" rel=\"noreferrer noopener\">traitement de la facturation<\/a> pour de grands comptes du CAC 40.<\/p>\n\n\n\n<p><\/p>\n\n\n\n<h3 class=\"wp-block-heading\"><strong>Le r\u00f4le irrempla\u00e7able de l&rsquo;expertise humaine dans la num\u00e9risation<\/strong><\/h3>\n\n\n\n<p>Sur le terrain, ce sont les <strong>op\u00e9rateurs de num\u00e9risation<\/strong> qui donnent vie au processus de traitement des factures. Leur mission va bien au-del\u00e0 de la simple saisie : ils apportent leur intelligence et leur discernement pour enrichir chaque document de <strong>m\u00e9tadonn\u00e9es<\/strong> pr\u00e9cieuses, en s&rsquo;appuyant sur la <strong>technologie OCR<\/strong> comme point de d\u00e9part.<\/p>\n\n\n\n<blockquote class=\"wp-block-quote is-layout-flow wp-block-quote-is-layout-flow\">\n<p>\u00ab&nbsp;<em>Mais c&rsquo;est l\u00e0 que l&rsquo;\u0153il humain r\u00e9v\u00e8le toute sa valeur : l\u00e0 o\u00f9 la machine peut s&rsquo;\u00e9garer en confondant un z\u00e9ro avec un \u00ab\u00a0o\u00a0\u00bb ou un \u00ab\u00a0l\u00a0\u00bb avec un \u00ab\u00a0i\u00a0\u00bb, l&rsquo;op\u00e9rateur intervient avec sa capacit\u00e9 d&rsquo;analyse et de correction. Cette vigilance humaine transforme un processus automatis\u00e9 en un service de qualit\u00e9<\/em>.&nbsp;\u00bb<\/p>\n<\/blockquote>\n\n\n\n<p>Jour apr\u00e8s jour, les op\u00e9rateurs manipulent entre <strong>5000 et 6000 factures<\/strong>, chacune b\u00e9n\u00e9ficiant de leur attention m\u00e9ticuleuse. Gr\u00e2ce \u00e0 leur travail d&rsquo;enrichissement et de validation, les documents ne sont plus de simples fichiers num\u00e9riques, mais des <strong>donn\u00e9es structur\u00e9es et fiables<\/strong> qui int\u00e8grent parfaitement les syst\u00e8mes ERP des clients. Cette dimension humaine garantit non seulement la pr\u00e9cision des informations, mais aussi la <strong>tra\u00e7abilit\u00e9 compl\u00e8te du processus<\/strong>, une assurance qualit\u00e9 que seule l&rsquo;expertise humaine peut offrir.<\/p>\n\n\n\n<p><\/p>\n\n\n\n<h3 class=\"wp-block-heading\"><strong>Une diversification strat\u00e9gique au c\u0153ur de l&rsquo;\u00e9volution op\u00e9rationnelle<\/strong><\/h3>\n\n\n\n<p>Si cette activit\u00e9 \u00e9tait la plus importante \u00e0 l\u2019arriv\u00e9e de Christophe Delran \u00e0 Blan, rapidement, il a d\u00fb travailler \u00e0 une diversification de l\u2019activit\u00e9. Et pour cause&nbsp;: la <strong>r\u00e9forme sur la facturation \u00e9lectronique obligatoire<\/strong> en 2026 impose progressivement aux entreprises de passer \u00e0 la <strong>facture num\u00e9rique<\/strong> avec un seul et m\u00eame format.<\/p>\n\n\n\n<p>Confront\u00e9 aux enjeux du march\u00e9, Pierre Gouzon, Directeur de la production num\u00e9rique d&rsquo;AGS Records Management, identifie une opportunit\u00e9 de croissance en \u00e9largissant le p\u00e9rim\u00e8tre d&rsquo;activit\u00e9 vers la num\u00e9risation et le <a href=\"https:\/\/www.ags-recordsmanagement.com\/fr\/numerisation-de-documents\/numerisation-darchives\/\" target=\"_blank\" rel=\"noreferrer noopener\">traitement des fonds documentaires<\/a>. Cette vision strat\u00e9gique trouve un \u00e9cho imm\u00e9diat chez Christophe Delran, qui s&#8217;empare de ce nouveau d\u00e9fi avec d\u00e9termination et orchestre une transformation op\u00e9rationnelle compl\u00e8te.<\/p>\n\n\n\n<p><\/p>\n\n\n\n<figure class=\"wp-block-image size-full\"><img loading=\"lazy\" decoding=\"async\" width=\"1024\" height=\"400\" src=\"https:\/\/www.ags-recordsmanagement.com\/fr\/wp-content\/uploads\/sites\/2\/2025\/06\/Services-numerisation-Toulouse.jpg\" alt=\"Service de num\u00e9risation de documents Toulouse\" class=\"wp-image-987520100\" srcset=\"https:\/\/www.ags-recordsmanagement.com\/fr\/wp-content\/uploads\/sites\/2\/2025\/06\/Services-numerisation-Toulouse.jpg 1024w, https:\/\/www.ags-recordsmanagement.com\/fr\/wp-content\/uploads\/sites\/2\/2025\/06\/Services-numerisation-Toulouse-980x383.jpg 980w, https:\/\/www.ags-recordsmanagement.com\/fr\/wp-content\/uploads\/sites\/2\/2025\/06\/Services-numerisation-Toulouse-480x188.jpg 480w\" sizes=\"(min-width: 0px) and (max-width: 480px) 480px, (min-width: 481px) and (max-width: 980px) 980px, (min-width: 981px) 1024px, 100vw\" \/><\/figure>\n\n\n\n<p><\/p>\n\n\n\n<p>Cette diversification se traduit par une mont\u00e9e en comp\u00e9tences remarquable : l&rsquo;\u00e9quipe ma\u00eetrise d\u00e9sormais la num\u00e9risation d&rsquo;une palette extraordinairement vari\u00e9e de supports, des ouvrages d&rsquo;art les plus d\u00e9licats aux magazines grand public, en passant par les photographies et bien d&rsquo;autres types de <a href=\"https:\/\/www.ags-recordsmanagement.com\/fr\/numerisation-de-documents\/numerisation-patrimoniale\/\" target=\"_blank\" rel=\"noreferrer noopener\">documents patrimoniaux<\/a>. Cette polyvalence s&rsquo;appuie sur un <strong>arsenal technologique<\/strong> adapt\u00e9 \u00e0 chaque sp\u00e9cificit\u00e9 : aux c\u00f4t\u00e9s des scanners traditionnels pour les formats A4\/A3 et inf\u00e9rieurs, le centre s&rsquo;est dot\u00e9 d&rsquo;\u00e9quipements sp\u00e9cialis\u00e9s comme un scanner \u00e0 plat avec syst\u00e8me de prise de vue par le haut pour les <strong>documents fragiles<\/strong>, ainsi que des scanners d\u00e9di\u00e9s aux <strong>plans et formats techniques<\/strong>.<\/p>\n\n\n\n<p>Cette diversification repr\u00e9sente bien plus qu&rsquo;un simple \u00e9largissement de gamme : elle t\u00e9moigne de la capacit\u00e9 d&rsquo;adaptation et d&rsquo;i<strong>nnovation<\/strong> d&rsquo;une \u00e9quipe qui transforme les d\u00e9fis en opportunit\u00e9s de d\u00e9veloppement.<\/p>\n\n\n\n<p>Au total, vingt personnes travaillent sur le site, sous la responsabilit\u00e9 de Christophe Delran. Une \u00e9quipe qui est amen\u00e9e \u00e0 \u00e9voluer en fonction des projets. \u00ab\u00a0<em>On privil\u00e9gie le recrutement de proximit\u00e9, avec des collaborateurs qui vivent dans les 15 km autour du site<\/em>\u00a0\u00bb, souligne-t-il.<\/p>\n\n\n\n<p><\/p>\n\n\n\n<h3 class=\"wp-block-heading\"><strong>Une proximit\u00e9 avec les collaborateurs et les clients<\/strong><\/h3>\n\n\n\n<p>Au-del\u00e0 de son r\u00f4le de manager, Christophe Delran met son <strong>savoir-faire<\/strong> au c\u0153ur de chaque projet. Son expertise se r\u00e9v\u00e8le d&rsquo;abord dans sa capacit\u00e9 \u00e0 comprendre ce que souhaitent les clients pour d\u00e9finir pr\u00e9cis\u00e9ment&nbsp;: les <strong>param\u00e8tres de num\u00e9risation<\/strong> optimaux, calibrer les nuances de gris, <strong>concevoir<\/strong> des <strong>plans de classement<\/strong> sur mesure. Cette analyse technique approfondie lui permet de transformer chaque demande client en cahier des charges pr\u00e9cis et r\u00e9alisable.<\/p>\n\n\n\n<p>C&rsquo;est lors des phases de test que son exp\u00e9rience prend tout son sens. Il ajuste les r\u00e9glages, mesure les r\u00e9sultats et calcule le temps n\u00e9cessaire pour traiter l&rsquo;ensemble des documents. Cette <strong>approche m\u00e9thodique<\/strong> lui permet d&rsquo;\u00e9tablir des plannings fiables et optimis\u00e9s, garantissant le <strong>respect des d\u00e9lais clients<\/strong>.<\/p>\n\n\n\n<p>Sa polyvalence en fait un v\u00e9ritable homme-orchestre : il supervise les projets, produit des reportings d\u00e9taill\u00e9s, g\u00e8re les urgences et r\u00e9sout les pannes. Cette capacit\u00e9 \u00e0 intervenir partout, des demandes clients aux probl\u00e8mes d&rsquo;\u00e9quipes en passant par les dysfonctionnements machines, fait de lui un \u00e9l\u00e9ment central du bon fonctionnement du centre. Son approche pratique et sa r\u00e9activit\u00e9 garantissent une <strong>qualit\u00e9 de service<\/strong> constante, quelles que soient les circonstances.<\/p>\n\n\n\n<p><\/p>\n\n\n\n<h3 class=\"wp-block-heading\"><strong>Diversifier et p\u00e9renniser<\/strong><\/h3>\n\n\n\n<p>Parmi les multiples projets confi\u00e9s aux \u00e9quipes, depuis deux ans, Christophe Delran supervise un projet de num\u00e9risation de fonds documentaire pour le compte de la <strong>SNCF<\/strong>, avec des <strong>plans d\u2019ouvrages d\u2019art<\/strong> et des <strong>plans ferroviaires<\/strong>. En parall\u00e8le, depuis le d\u00e9but 2024, la <strong>Maison D\u00e9partementale des Personnes Handicap\u00e9es<\/strong> (<em>MDPH<\/em>) de <em>Vaucluse a confi\u00e9 aux \u00e9quipes de <\/em>Christophe Delran <em>la num\u00e9risation de plusieurs milliers de documents avec un fort taux de confidentialit\u00e9, qui a oblig\u00e9 les \u00e9quipes \u00e0 se r\u00e9organiser sur le plan mat\u00e9riel et \u00e0 recruter pour r\u00e9pondre aux demandes clients. <\/em><em><\/em><\/p>\n\n\n\n<p>Face \u00e0 ces d\u00e9fis, Christophe Delran souligne avec satisfaction les r\u00e9ussites de son entreprise.<\/p>\n\n\n\n<blockquote class=\"wp-block-quote is-layout-flow wp-block-quote-is-layout-flow\">\n<p>\u00ab<em>Mes plus grandes fiert\u00e9s restent d&rsquo;avoir d\u00e9velopp\u00e9 de nouveaux secteurs d&rsquo;activit\u00e9, avec des salari\u00e9s qui ont gagn\u00e9 en comp\u00e9tence et d&rsquo;avoir pu p\u00e9renniser deux emplois suppl\u00e9mentaires sur le site<\/em> \u00bb, confie-t-il.<\/p>\n<\/blockquote>\n\n\n\n<p>Cette approche centr\u00e9e sur le d\u00e9veloppement des comp\u00e9tences de ses \u00e9quipes et la cr\u00e9ation d&#8217;emplois durables constitue le socle d&rsquo;un avenir prometteur pour le site de Blan.<\/p>\n\n\n\n<p><strong>Vos souhaitez num\u00e9riser vos fonds d\u2019archives\u00a0?<\/strong> <strong><a href=\"https:\/\/www.ags-recordsmanagement.com\/fr\/contactez-nous\/\" target=\"_blank\" rel=\"noreferrer noopener\">Contactez nos experts<\/a> d\u00e8s maintenant<\/strong><\/p>\n","protected":false},"excerpt":{"rendered":"<p>Si AGS Records Management est une histoire de savoir-faire et de techniques, elle est aussi une histoire d\u2019hommes et de femmes qui, au quotidien, contribuent \u00e0 accompagner les entreprises et institutions dans leurs strat\u00e9gies d\u2019archivage et de num\u00e9risation de leurs documents. Rencontre avec Christophe Delran, Responsable Adjoint Num\u00e9rique sur le site de Blan. Depuis trois [&hellip;]<\/p>\n","protected":false},"author":1,"featured_media":987520237,"comment_status":"closed","ping_status":"open","sticky":false,"template":"","format":"standard","meta":{"_acf_changed":false,"_et_pb_use_builder":"off","_et_pb_old_content":"","_et_gb_content_width":"","footnotes":""},"categories":[1119,1139],"tags":[],"subjects":[],"class_list":["post-987520098","post","type-post","status-publish","format-standard","has-post-thumbnail","hentry","category-digitalisation","category-paroles-dexperts"],"acf":[],"_links":{"self":[{"href":"https:\/\/www.ags-recordsmanagement.com\/fr\/wp-json\/wp\/v2\/posts\/987520098"}],"collection":[{"href":"https:\/\/www.ags-recordsmanagement.com\/fr\/wp-json\/wp\/v2\/posts"}],"about":[{"href":"https:\/\/www.ags-recordsmanagement.com\/fr\/wp-json\/wp\/v2\/types\/post"}],"author":[{"embeddable":true,"href":"https:\/\/www.ags-recordsmanagement.com\/fr\/wp-json\/wp\/v2\/users\/1"}],"replies":[{"embeddable":true,"href":"https:\/\/www.ags-recordsmanagement.com\/fr\/wp-json\/wp\/v2\/comments?post=987520098"}],"version-history":[{"count":1,"href":"https:\/\/www.ags-recordsmanagement.com\/fr\/wp-json\/wp\/v2\/posts\/987520098\/revisions"}],"predecessor-version":[{"id":987520102,"href":"https:\/\/www.ags-recordsmanagement.com\/fr\/wp-json\/wp\/v2\/posts\/987520098\/revisions\/987520102"}],"wp:featuredmedia":[{"embeddable":true,"href":"https:\/\/www.ags-recordsmanagement.com\/fr\/wp-json\/wp\/v2\/media\/987520237"}],"wp:attachment":[{"href":"https:\/\/www.ags-recordsmanagement.com\/fr\/wp-json\/wp\/v2\/media?parent=987520098"}],"wp:term":[{"taxonomy":"category","embeddable":true,"href":"https:\/\/www.ags-recordsmanagement.com\/fr\/wp-json\/wp\/v2\/categories?post=987520098"},{"taxonomy":"post_tag","embeddable":true,"href":"https:\/\/www.ags-recordsmanagement.com\/fr\/wp-json\/wp\/v2\/tags?post=987520098"},{"taxonomy":"subjects","embeddable":true,"href":"https:\/\/www.ags-recordsmanagement.com\/fr\/wp-json\/wp\/v2\/subjects?post=987520098"}],"curies":[{"name":"wp","href":"https:\/\/api.w.org\/{rel}","templated":true}]}}