{"id":987520114,"date":"2025-06-17T15:39:52","date_gmt":"2025-06-17T13:39:52","guid":{"rendered":"https:\/\/www.ags-recordsmanagement.com\/fr\/?p=987520114"},"modified":"2025-06-19T12:36:24","modified_gmt":"2025-06-19T10:36:24","slug":"lalternance-un-tremplin-vers-lexpertise-archivistique-le-parcours-de-sabrina-z","status":"publish","type":"post","link":"https:\/\/www.ags-recordsmanagement.com\/fr\/news\/lalternance-un-tremplin-vers-lexpertise-archivistique-le-parcours-de-sabrina-z\/","title":{"rendered":"L\u2019alternance, un tremplin vers l\u2019expertise archivistique : le parcours de Sabrina Z."},"content":{"rendered":"\n<h2 class=\"wp-block-heading has-vivid-cyan-blue-color has-text-color has-link-color wp-elements-43ad3613e92b01aa8c114d7432a1d31c\"><strong>Le P\u00f4le Archives Conseil mise sur la formation pour d\u00e9velopper les comp\u00e9tences de ses salari\u00e9s et accueille fr\u00e9quemment des personnes en alternance en partenariat avec l\u2019APSV. A la cl\u00e9\u00a0: des \u00e9quipes plus qualifi\u00e9es, une meilleure employabilit\u00e9 et un gain de comp\u00e9titivit\u00e9 pour AGS Records Management. Coup de projecteur sur le parcours de Sabrina Z.<\/strong><\/h2>\n\n\n\n<p><\/p>\n\n\n\n<p>Apr\u00e8s une licence en arch\u00e9ologie et un master en anthropologie, Sabrina Z. se retrouve face \u00e0 un avenir professionnel incertain. \u00ab\u00a0<em>Je voyais bien que mes dipl\u00f4mes ne m\u2019assuraient pas une grande employabilit\u00e9<\/em>\u00a0\u00bb, souligne-t-elle. Elle se tourne alors vers l\u2019<strong>Association<\/strong> de <strong>Pr\u00e9vention du Site de la Villette<\/strong> (APSV) qui propose alors des <strong>formations d\u2019archivistes<\/strong> en alternance. \u00ab\u00a0<em>C\u2019est l\u00e0-bas qu\u2019on m\u2019a donn\u00e9 le contact d\u2019AGS Records Management<\/em>\u00a0\u00bb, explique-t-elle. Elle prend contact avec les \u00e9quipes internes et d\u00e9croche un contrat en alternance en tant qu\u2019Assistante-Archiviste au P\u00f4le Archives Conseil, dirig\u00e9 par Mathieu De Bruyne.\u00a0<\/p>\n\n\n\n<p>Le Directeur mise sur la formation pour <strong>renforcer les comp\u00e9tences<\/strong> de ses \u00e9quipes. Pour lui, l\u2019alternance et la formation continue sont des leviers essentiels.<\/p>\n\n\n\n<blockquote class=\"wp-block-quote is-layout-flow wp-block-quote-is-layout-flow\">\n<p>\u00ab&nbsp;<em>Dans un secteur en tension, recruter des profils qui se forment en alternance ou qui montent en comp\u00e9tences constitue un vrai atout pour l\u2019entreprise&nbsp;\u00bb, <\/em>explique celui qui est \u00e9galement membre du jury de certification \u00e0 l\u2019APSV<em>. \u00ab&nbsp;Cela nous permet d\u2019avoir des archivistes polyvalents et experts et de pouvoir r\u00e9pondre \u00e0 des appels d\u2019offres plus ambitieux<\/em>&nbsp;\u00bb.<\/p>\n<cite>Mathieu De Bruyne<\/cite><\/blockquote>\n\n\n\n<p><\/p>\n\n\n\n<h3 class=\"wp-block-heading\"><strong>Appr\u00e9hender les quatre \u00e9tapes de la chaine archivistique<\/strong><\/h3>\n\n\n\n<p>Dans les faits, Sabrina alterne entre trois semaines chez AGS Records Management et une semaine en formation \u00e0 l\u2019APSV. Sur place, elle y apprend la th\u00e9orie et les enseignements n\u00e9cessaires pour g\u00e9rer les quatre \u00e9tapes de la <strong>cha\u00eene archivistique&nbsp;<\/strong>: collecter, classer, conserver et communiquer.<\/p>\n\n\n\n<blockquote class=\"wp-block-quote is-layout-flow wp-block-quote-is-layout-flow\">\n<p>\u00ab\u00a0<em>AGS Records Management est l\u2019entreprise id\u00e9ale pour exercer des missions tr\u00e8s diff\u00e9rentes et qui me permettent de toucher \u00e0 toutes ces \u00e9tapes. L\u2019archiviste est un peu comme un arch\u00e9ologue mais dans le papier, il remonte les \u00e9poques, essaie de comprendre les origines d\u2019un document<\/em> \u00bb.<\/p>\n<cite>Sabrina Z.<\/cite><\/blockquote>\n\n\n\n<p>Au quotidien, elle assiste aux r\u00e9unions avec les clients et son tuteur, valide les <strong>attentes client<\/strong> avec lui et pose toutes les questions n\u00e9cessaires \u00e0 la <strong>bonne ex\u00e9cution<\/strong> de son travail. Son r\u00f4le consiste \u00e0 analyser chaque bo\u00eete d\u2019archives, puis chaque document pour parvenir \u00e0 recontextualiser. \u00ab\u00a0<em>Cette t\u00e2che implique d\u2019utiliser les descriptions archivistiques avec un mod\u00e8le pr\u00e9cis \u00e0 suivre pour comprendre l\u2019ensemble des archives que l\u2019on a entre nos mains<\/em>\u00a0\u00bb, explique-t-elle.<\/p>\n\n\n\n<p><\/p>\n\n\n\n<h3 class=\"wp-block-heading\"><strong>Un tremplin pour l\u2019avenir<\/strong><\/h3>\n\n\n\n<p>Depuis son arriv\u00e9e, la jeune femme a <strong>trait\u00e9 des archives<\/strong> aussi bien pour des PME, que pour des <a href=\"https:\/\/www.ags-recordsmanagement.com\/fr\/secteur-sante\/\" target=\"_blank\" rel=\"noreferrer noopener\">h\u00f4pitaux<\/a>, des <a href=\"https:\/\/www.ags-recordsmanagement.com\/fr\/secteur-public\/\" target=\"_blank\" rel=\"noreferrer noopener\">\u00e9tablissements publics<\/a> ou encore des <strong>Archives d\u00e9partementales<\/strong>. Cette diversit\u00e9 lui a permis d\u2019appr\u00e9hender le cadre l\u00e9gal et les sp\u00e9cificit\u00e9s de chaque secteur. \u00ab\u00a0<em>L\u2019alternance me plait vraiment car cela me permet de me confronter au r\u00e9el et de vraiment savoir si ce monde est pour moi<\/em>\u00a0\u00bb.<\/p>\n\n\n\n<p>Sabrina esp\u00e8re obtenir sa certification en fin de formation en d\u00e9cembre 2025 et pourra choisir entre la poursuite de sa formation en master ou l\u2019int\u00e9gration au <strong>monde de l\u2019archivistique<\/strong>.<\/p>\n\n\n\n<p>Le P\u00f4le Archives Conseil accueille fr\u00e9quemment des alternants mais proposent des formations \u00e0 d\u2019autres collaborateurs, par exemple \u00e0 travers une validation des acquis de l\u2019Exp\u00e9rience (VAE). Pour Mathieu De Bruyne, ces dispositifs de formation permettent aux collaborateurs de monter en comp\u00e9tence mais aussi \u00e0 AGS Records Management de gagner en comp\u00e9titivit\u00e9 et en cr\u00e9dibilit\u00e9 avec des salari\u00e9s toujours au fait de <strong>l\u2019\u00e9volution des pratiques d\u2019archivage<\/strong>.<\/p>\n\n\n\n<p>Avec cette strat\u00e9gie d\u2019investissement dans la formation, AGS Records Management s\u2019impose comme un acteur engag\u00e9 dans la <strong>professionnalisation du secteur archivistique<\/strong>, garantissant \u00e0 la fois l\u2019\u00e9panouissement de ses collaborateurs et la performance de l\u2019entreprise.<\/p>\n\n\n\n<p><\/p>\n\n\n\n<p><\/p>\n\n\n\n<div class=\"wp-block-buttons is-horizontal is-content-justification-center is-layout-flex wp-container-core-buttons-is-layout-1 wp-block-buttons-is-layout-flex\">\n<div class=\"wp-block-button\"><a class=\"wp-block-button__link has-white-color has-text-color has-background has-link-color wp-element-button\" href=\"https:\/\/www.ags-recordsmanagement.com\/fr\/audit-documentaire-conseil-archivage\/\" style=\"background-color:#aa1111\" target=\"_blank\" rel=\"noreferrer noopener\">D\u00e9couvrez nos prestations en ing\u00e9nierie documentaire<\/a><\/div>\n<\/div>\n","protected":false},"excerpt":{"rendered":"<p>Le P\u00f4le Archives Conseil mise sur la formation pour d\u00e9velopper les comp\u00e9tences de ses salari\u00e9s et accueille fr\u00e9quemment des personnes en alternance en partenariat avec l\u2019APSV. A la cl\u00e9\u00a0: des \u00e9quipes plus qualifi\u00e9es, une meilleure employabilit\u00e9 et un gain de comp\u00e9titivit\u00e9 pour AGS Records Management. Coup de projecteur sur le parcours de Sabrina Z. Apr\u00e8s [&hellip;]<\/p>\n","protected":false},"author":1,"featured_media":987520116,"comment_status":"closed","ping_status":"open","sticky":false,"template":"","format":"standard","meta":{"_acf_changed":false,"_et_pb_use_builder":"off","_et_pb_old_content":"","_et_gb_content_width":"","footnotes":""},"categories":[1137,1103,1139],"tags":[],"subjects":[],"class_list":["post-987520114","post","type-post","status-publish","format-standard","has-post-thumbnail","hentry","category-actualite","category-archivage","category-paroles-dexperts"],"acf":[],"_links":{"self":[{"href":"https:\/\/www.ags-recordsmanagement.com\/fr\/wp-json\/wp\/v2\/posts\/987520114"}],"collection":[{"href":"https:\/\/www.ags-recordsmanagement.com\/fr\/wp-json\/wp\/v2\/posts"}],"about":[{"href":"https:\/\/www.ags-recordsmanagement.com\/fr\/wp-json\/wp\/v2\/types\/post"}],"author":[{"embeddable":true,"href":"https:\/\/www.ags-recordsmanagement.com\/fr\/wp-json\/wp\/v2\/users\/1"}],"replies":[{"embeddable":true,"href":"https:\/\/www.ags-recordsmanagement.com\/fr\/wp-json\/wp\/v2\/comments?post=987520114"}],"version-history":[{"count":2,"href":"https:\/\/www.ags-recordsmanagement.com\/fr\/wp-json\/wp\/v2\/posts\/987520114\/revisions"}],"predecessor-version":[{"id":987520119,"href":"https:\/\/www.ags-recordsmanagement.com\/fr\/wp-json\/wp\/v2\/posts\/987520114\/revisions\/987520119"}],"wp:featuredmedia":[{"embeddable":true,"href":"https:\/\/www.ags-recordsmanagement.com\/fr\/wp-json\/wp\/v2\/media\/987520116"}],"wp:attachment":[{"href":"https:\/\/www.ags-recordsmanagement.com\/fr\/wp-json\/wp\/v2\/media?parent=987520114"}],"wp:term":[{"taxonomy":"category","embeddable":true,"href":"https:\/\/www.ags-recordsmanagement.com\/fr\/wp-json\/wp\/v2\/categories?post=987520114"},{"taxonomy":"post_tag","embeddable":true,"href":"https:\/\/www.ags-recordsmanagement.com\/fr\/wp-json\/wp\/v2\/tags?post=987520114"},{"taxonomy":"subjects","embeddable":true,"href":"https:\/\/www.ags-recordsmanagement.com\/fr\/wp-json\/wp\/v2\/subjects?post=987520114"}],"curies":[{"name":"wp","href":"https:\/\/api.w.org\/{rel}","templated":true}]}}