{"id":987520397,"date":"2025-06-24T16:02:57","date_gmt":"2025-06-24T14:02:57","guid":{"rendered":"https:\/\/www.ags-recordsmanagement.com\/fr\/news\/facturation-electronique-pdp-levier-croissance_entreprise-copy\/"},"modified":"2025-06-27T11:55:53","modified_gmt":"2025-06-27T09:55:53","slug":"solutions-gestion-numerisation-archives-senegal","status":"publish","type":"post","link":"https:\/\/www.ags-recordsmanagement.com\/fr\/news\/solutions-gestion-numerisation-archives-senegal\/","title":{"rendered":"S\u00e9n\u00e9gal : strat\u00e9gies de gestion, conservation et num\u00e9risation des archives pour une valorisation durable du patrimoine des entreprises"},"content":{"rendered":"\n<p><\/p>\n\n\n\n<h2 class=\"wp-block-heading has-vivid-cyan-blue-color has-text-color has-link-color wp-elements-b432fc84d79f4f76c20714a50524fcc0\"><strong>Si AGS Records Management est une histoire de savoir-faire et de techniques, elle est aussi une histoire d\u2019hommes et de femmes qui, au quotidien, contribuent \u00e0 accompagner les entreprises et institutions dans leurs strat\u00e9gies d\u2019archivage et de num\u00e9risation de leurs documents. Rencontre avec Nadia Gomboc, Directrice adjointe AGS Records Management au S\u00e9n\u00e9gal.<\/strong><\/h2>\n\n\n\n<p><\/p>\n\n\n\n<p>Lorsqu\u2019elle fait son entr\u00e9e chez AGS Records Management en mars 2020 comme responsable commerciale d\u2019<strong>AGS S\u00e9n\u00e9gal<\/strong>, Nadia Gomboc ne conna\u00eet pas le monde de l\u2019<strong>archivage<\/strong>, mais plut\u00f4t celui de la relation client\u00e8le apr\u00e8s des exp\u00e9riences dans l\u2019h\u00f4tellerie et \u00e0 l\u2019Op\u00e9ra de Paris.<\/p>\n\n\n\n<p>Tout juste arriv\u00e9e au S\u00e9n\u00e9gal, elle int\u00e8gre les \u00e9quipes d\u2019AGS Records Management et se plonge dans l\u2019univers de l\u2019<a href=\"https:\/\/www.ags-recordsmanagement.com\/fr\/solution-de-gestion-des-archives\/\" target=\"_blank\" rel=\"noreferrer noopener\">archivage physique<\/a> et <strong>num\u00e9rique<\/strong>. Son challenge\u00a0? Faire conna\u00eetre l\u2019expertise d\u2019AGS Records Management au S\u00e9n\u00e9gal. <em>En l\u2019espace de quelques mois, elle a accompagn\u00e9 de nombreux clients du secteur priv\u00e9 dans leurs projets d\u2019archivage physique et num\u00e9rique. \u00ab AGS Records Management propose au S\u00e9n\u00e9gal une offre compl\u00e8te de services. Gr\u00e2ce \u00e0 cette expertise unique, nous sommes en mesure d\u2019accompagner nos clients avec des solutions parfaitement adapt\u00e9es \u00e0 leurs besoins. C\u2019est une v\u00e9ritable force \u00bb, souligne-t-elle.<\/em><\/p>\n\n\n\n<p>En d\u00e9cembre 2021, Nadia Gomboc devient directrice adjointe du <strong>p\u00f4le archivage<\/strong>.<\/p>\n\n\n\n<p><\/p>\n\n\n\n<h3 class=\"wp-block-heading\"><strong><strong>S\u2019adapter aux besoins des clients, un challenge quotidien<\/strong><\/strong><\/h3>\n\n\n\n<p>Depuis l\u2019arriv\u00e9e d\u2019une collaboratrice pour renforcer l\u2019\u00e9quipe commerciale, Nadia concentre son \u00e9nergie sur le d\u00e9veloppement des clients grands comptes aux approches plus complexes. L\u2019approche avec les grands groupes est totalement diff\u00e9rente. Centralisation, contr\u00f4le et ma\u00eetrise des flux documentaires : les enjeux sont transverses et n\u00e9cessitent une analyse approfondie des diff\u00e9rents processus m\u00e9tiers. Cela permet d\u2019apporter une r\u00e9ponse coh\u00e9rente et efficiente \u00e0 leurs besoins. C\u2019est passionnant ! \u00bb, pr\u00e9cise la directrice adjointe du p\u00f4le archivage.<\/p>\n\n\n\n<p>Au <a href=\"https:\/\/www.ags-recordsmanagement.com\/fr\/nos-implantations\/afrique\/senegal\/\" target=\"_blank\" rel=\"noreferrer noopener\">S\u00e9n\u00e9gal<\/a>, AGS Records Management poss\u00e8de un <strong>centre de conservation<\/strong> d\u2019archives hautement s\u00e9curis\u00e9 \u00e0 Dakar, pour garantir un archivage p\u00e9renne des documents en toute confidentialit\u00e9. \u00ab&nbsp;<em>C\u2019est un challenge au quotidien d\u2019int\u00e9grer de nouveaux clients et de r\u00e9ussir \u00e0 cerner leurs diff\u00e9rentes attentes sur le long terme pr\u00e9cise-t-elle. Mon objectif est de maintenir la confiance et la proximit\u00e9 avec l\u2019ensemble de nos clients et de d\u00e9velopper les passerelles \u00e9galement avec MEMORIST, le p\u00f4le du Groupe Mobilitas, consacr\u00e9 \u00e0 la <strong>valorisation du patrimoine culturel et historique<\/strong><\/em> \u00bb.<\/p>\n\n\n\n<p><\/p>\n\n\n\n<figure class=\"wp-block-image size-large\"><img loading=\"lazy\" decoding=\"async\" width=\"1024\" height=\"683\" src=\"https:\/\/www.ags-recordsmanagement.com\/fr\/wp-content\/uploads\/sites\/2\/2025\/06\/Gestion-archives-physiques-senegal-1024x683.jpg\" alt=\"Conservation et valorisation des archives au S\u00e9n\u00e9gal\" class=\"wp-image-987520400\" srcset=\"https:\/\/www.ags-recordsmanagement.com\/fr\/wp-content\/uploads\/sites\/2\/2025\/06\/Gestion-archives-physiques-senegal-1024x683.jpg 1024w, https:\/\/www.ags-recordsmanagement.com\/fr\/wp-content\/uploads\/sites\/2\/2025\/06\/Gestion-archives-physiques-senegal-300x200.jpg 300w, https:\/\/www.ags-recordsmanagement.com\/fr\/wp-content\/uploads\/sites\/2\/2025\/06\/Gestion-archives-physiques-senegal-768x512.jpg 768w, https:\/\/www.ags-recordsmanagement.com\/fr\/wp-content\/uploads\/sites\/2\/2025\/06\/Gestion-archives-physiques-senegal-1536x1024.jpg 1536w, https:\/\/www.ags-recordsmanagement.com\/fr\/wp-content\/uploads\/sites\/2\/2025\/06\/Gestion-archives-physiques-senegal-2048x1365.jpg 2048w, https:\/\/www.ags-recordsmanagement.com\/fr\/wp-content\/uploads\/sites\/2\/2025\/06\/Gestion-archives-physiques-senegal-1080x720.jpg 1080w, https:\/\/www.ags-recordsmanagement.com\/fr\/wp-content\/uploads\/sites\/2\/2025\/06\/Gestion-archives-physiques-senegal-1280x854.jpg 1280w, https:\/\/www.ags-recordsmanagement.com\/fr\/wp-content\/uploads\/sites\/2\/2025\/06\/Gestion-archives-physiques-senegal-980x653.jpg 980w, https:\/\/www.ags-recordsmanagement.com\/fr\/wp-content\/uploads\/sites\/2\/2025\/06\/Gestion-archives-physiques-senegal-480x320.jpg 480w\" sizes=\"(max-width: 1024px) 100vw, 1024px\" \/><\/figure>\n\n\n\n<p><\/p>\n\n\n\n<h3 class=\"wp-block-heading\"><strong><strong>Une strat\u00e9gie d\u2019archivage \u00e0 360\u00b0<\/strong><\/strong><\/h3>\n\n\n\n<p>Parmi ses clients r\u00e9cents, Nadia compte l&rsquo;une des plus grandes banques du S\u00e9n\u00e9gal. Un projet qui s\u2019est construit \u00e9tape par \u00e9tape pour accompagner le client dans la mise en place de sa nouvelle <a href=\"https:\/\/eur01.safelinks.protection.outlook.com\/?url=https%3A%2F%2Fwww.ags-recordsmanagement.com%2Ffr%2Faudit-documentaire-conseil-archivage%2F&amp;data=05%7C02%7Clea.monamicq%40overseasam.com%7C0f2ac5a8571d4f734ab708ddb4b3a74b%7C95c4f31cd5844a9bb8e4f0e3655bca94%7C0%7C0%7C638865405880841749%7CUnknown%7CTWFpbGZsb3d8eyJFbXB0eU1hcGkiOnRydWUsIlYiOiIwLjAuMDAwMCIsIlAiOiJXaW4zMiIsIkFOIjoiTWFpbCIsIldUIjoyfQ%3D%3D%7C0%7C%7C%7C&amp;sdata=IzQpbuJed9OYElWRwCgXFTKb7J2u5G7USCsiIt%2BPAxI%3D&amp;reserved=0\" target=\"_blank\" rel=\"noreferrer noopener\">politique d\u2019archivage<\/a>. \u00ab&nbsp;<em>Lorsque j\u2019ai contact\u00e9 la gouvernance de la Banque, je suis tomb\u00e9e au bon moment, car elle menait une r\u00e9flexion approfondie sur sa politique d\u2019archivage<\/em>, pr\u00e9cise-t-elle. <em>Une dizaine de propositions \u00e0 tiroirs plus tard, nous avions \u00e9labor\u00e9 une vraie strat\u00e9gie avec une visibilit\u00e9 \u00e0 360\u00b0<\/em>&nbsp;\u00bb.<\/p>\n\n\n\n<p>Le projet d\u00e9bute par une phase d\u2019<a href=\"https:\/\/www.ags-recordsmanagement.com\/fr\/audit-documentaire-conseil-archivage\/audit-et-conseil-en-organisation-documentaire\/\" target=\"_blank\" rel=\"noreferrer noopener\">audit<\/a> r\u00e9alis\u00e9e par les \u00e9quipes d\u2019AGS Records Management, afin de <strong>r\u00e9organiser plus efficacement les deux grands centres de stockage d\u2019archives du client<\/strong>. Ensuite vient la deuxi\u00e8me \u00e9tape avec une op\u00e9ration de <a href=\"https:\/\/www.ags-recordsmanagement.com\/fr\/numerisation-de-documents\/\" target=\"_blank\" rel=\"noreferrer noopener\">num\u00e9risation<\/a> de certains documents et enfin derni\u00e8re \u00e9tape, l\u2019externalisation d\u2019une partie des archives de la <a href=\"https:\/\/www.ags-recordsmanagement.com\/fr\/secteur-banque\/\" target=\"_blank\" rel=\"noreferrer noopener\">banque<\/a>.<\/p>\n\n\n\n<p><\/p>\n\n\n\n<h3 class=\"wp-block-heading\"><strong><strong>Un pas vers la restauration, la num\u00e9risation et le partage du patrimoine au S\u00e9n\u00e9gal<\/strong><\/strong><\/h3>\n\n\n\n<p>Depuis quelques mois, Nadia Gomboc s\u2019est fix\u00e9 un nouvel objectif de taille&nbsp;; mettre en lumi\u00e8re, aupr\u00e8s des <strong>institutions publiques<\/strong>, mus\u00e9es ou entreprises priv\u00e9es, l\u2019expertise et le savoir-faire de MEMORIST. \u00ab&nbsp;<em>Le S\u00e9n\u00e9gal abrite une diversit\u00e9 de cultures et un patrimoine multiethnique qu\u2019il est important de <strong>pr\u00e9server<\/strong>, de <strong>restaurer<\/strong>, et de <strong>partager<\/strong> pour les g\u00e9n\u00e9rations futures&nbsp;\u00bb,<\/em> souligne Nadia Gomboc.<\/p>\n\n\n\n<p><\/p>\n\n\n\n<p><strong>Vous souhaitez b\u00e2tir une strat\u00e9gie d\u2019archivage sur mesure ou valoriser durablement votre patrimoine documentaire ? Nos experts sont \u00e0 votre \u00e9coute pour vous accompagner \u00e0 chaque \u00e9tape de votre projet. <\/strong><a href=\"https:\/\/www.ags-recordsmanagement.com\/fr\/contactez-nous\/\" target=\"_blank\" rel=\"noreferrer noopener\"><strong>Contactez-nous d\u00e8s aujourd\u2019hui<\/strong><\/a><strong> pour en savoir plus.<\/strong><\/p>\n\n\n\n<p><\/p>\n","protected":false},"excerpt":{"rendered":"<p>Si AGS Records Management est une histoire de savoir-faire et de techniques, elle est aussi une histoire d\u2019hommes et de femmes qui, au quotidien, contribuent \u00e0 accompagner les entreprises et institutions dans leurs strat\u00e9gies d\u2019archivage et de num\u00e9risation de leurs documents. Rencontre avec Nadia Gomboc, Directrice adjointe AGS Records Management au S\u00e9n\u00e9gal. Lorsqu\u2019elle fait son [&hellip;]<\/p>\n","protected":false},"author":9,"featured_media":987520413,"comment_status":"closed","ping_status":"open","sticky":false,"template":"","format":"standard","meta":{"_acf_changed":false,"_et_pb_use_builder":"off","_et_pb_old_content":"<!-- wp:paragraph -->\n<p><\/p>\n<!-- \/wp:paragraph -->\n\n<!-- wp:heading {\"style\":{\"elements\":{\"link\":{\"color\":{\"text\":\"var:preset|color|vivid-cyan-blue\"}}}},\"textColor\":\"vivid-cyan-blue\"} -->\n<h2 class=\"wp-block-heading has-vivid-cyan-blue-color has-text-color has-link-color\">Au c\u0153ur de la r\u00e9forme de la facture \u00e9lectronique se trouvent les plateformes de d\u00e9mat\u00e9rialisation partenaire (<strong>PDP<\/strong>). En effet, \u00e0 compter du <strong>1 septembre 2026<\/strong>, les entreprises devront toutes avoir la capacit\u00e9 de recevoir des factures \u00e9lectroniques au travers une <a href=\"https:\/\/www.ags-recordsmanagement.com\/fr\/news\/pdp-agsrecordsmanagement\/\" target=\"_blank\" rel=\"noreferrer noopener\">plateforme de d\u00e9mat\u00e9rialisation partenaire<\/a> (PDP).<\/h2>\n<!-- \/wp:heading -->\n\n<!-- wp:paragraph -->\n<p><\/p>\n<!-- \/wp:paragraph -->\n\n<!-- wp:paragraph -->\n<p>\u00c0 cette m\u00eame date, les grandes entreprises et les ETI auront \u00e9galement pour obligation d\u2019\u00e9mettre ces documents. Pour les TPE, PME et microentreprises, cette \u00e9tape deviendra obligatoire au <strong>1<sup>er<\/sup> septembre 2027<\/strong>.<\/p>\n<!-- \/wp:paragraph -->\n\n<!-- wp:paragraph -->\n<p><\/p>\n<!-- \/wp:paragraph -->\n\n<!-- wp:heading {\"level\":3} -->\n<h3 class=\"wp-block-heading\"><strong>Une facture \u00e9lectronique, c\u2019est quoi au juste\u00a0?<\/strong><\/h3>\n<!-- \/wp:heading -->\n\n<!-- wp:paragraph -->\n<p>Une facture \u00e9lectronique est un document cr\u00e9\u00e9, \u00e9mis, transmis, re\u00e7u et archiv\u00e9 dans un format <strong>num\u00e9rique et structur\u00e9<\/strong>, conform\u00e9ment aux exigences l\u00e9gales en vigueur. Elle inclut toutes les mentions obligatoires (n\u00e9cessaires au calcul de la TVA, informations sur la nature des transactions\u2026).<\/p>\n<!-- \/wp:paragraph -->\n\n<!-- wp:paragraph -->\n<p><\/p>\n<!-- \/wp:paragraph -->\n\n<!-- wp:heading {\"level\":3} -->\n<h3 class=\"wp-block-heading\"><strong>Qu\u2019est-ce qu\u2019une PDP\u00a0?<\/strong><\/h3>\n<!-- \/wp:heading -->\n\n<!-- wp:paragraph -->\n<p>Une PDP est une <strong>plateforme de d\u00e9mat\u00e9rialisation partenaire<\/strong> qui est immatricul\u00e9e et reconnue par l\u2019administration fiscale en tant qu\u2019acteur de confiance pour \u00e9mettre, recevoir et transmettre des <a href=\"https:\/\/www.ags-recordsmanagement.com\/fr\/digitalisation-des-processus-documentaires\/solutions-de-dematerialisation\/\" target=\"_blank\" rel=\"noreferrer noopener\">factures \u00e9lectroniques<\/a> conformes aux obligations l\u00e9gales (pour une dur\u00e9e de trois ans renouvelables).<\/p>\n<!-- \/wp:paragraph -->\n\n<!-- wp:paragraph -->\n<p>Elle assure la <strong>conformit\u00e9 l\u00e9gale<\/strong> et <strong>technique<\/strong> des factures, facilitant ainsi leur int\u00e9gration dans les syst\u00e8mes comptables des entreprises.<\/p>\n<!-- \/wp:paragraph -->\n\n<!-- wp:paragraph -->\n<p>Ses missions&nbsp;:<\/p>\n<!-- \/wp:paragraph -->\n\n<!-- wp:list -->\n<ul><!-- wp:list-item -->\n<li>\u00c9mettre et transmettre les factures aux bons destinataires<\/li>\n<!-- \/wp:list-item -->\n\n<!-- wp:list-item -->\n<li>Convertir les formats pour r\u00e9pondre aux standards<\/li>\n<!-- \/wp:list-item -->\n\n<!-- wp:list-item -->\n<li>V\u00e9rifier la conformit\u00e9 des donn\u00e9es<\/li>\n<!-- \/wp:list-item -->\n\n<!-- wp:list-item -->\n<li>Garantir l\u2019int\u00e9grit\u00e9, l\u2019authenticit\u00e9 et l\u2019exhaustivit\u00e9 des documents<\/li>\n<!-- \/wp:list-item -->\n\n<!-- wp:list-item -->\n<li>Archiver l\u00e9galement les factures<\/li>\n<!-- \/wp:list-item -->\n\n<!-- wp:list-item -->\n<li>Transmettre les donn\u00e9es fiscales \u00e0 l\u2019administration (TVA, paiements, statuts...)<\/li>\n<!-- \/wp:list-item --><\/ul>\n<!-- \/wp:list -->\n\n<!-- wp:paragraph -->\n<p><\/p>\n<!-- \/wp:paragraph -->\n\n<!-- wp:heading {\"level\":3} -->\n<h3 class=\"wp-block-heading\"><strong>Quelle diff\u00e9rence entre une PDP et un op\u00e9rateur de d\u00e9mat\u00e9rialisation\u00a0?<\/strong><\/h3>\n<!-- \/wp:heading -->\n\n<!-- wp:paragraph -->\n<p>Un op\u00e9rateur de d\u00e9mat\u00e9rialisation (OD) est l\u2019interm\u00e9diaire technique entre les entreprises et les PDP. Son r\u00f4le est de faciliter l\u2019\u00e9mission et la r\u00e9ception des flux des factures \u00e9lectroniques et du <strong>e-reporting<\/strong>. Attention, contrairement \u00e0 une PDP, un OD n\u2019est pas autoris\u00e9 \u00e0 transmettre des factures \u00e9lectroniques.<\/p>\n<!-- \/wp:paragraph -->\n\n<!-- wp:paragraph -->\n<p><\/p>\n<!-- \/wp:paragraph -->\n\n<!-- wp:heading {\"level\":3} -->\n<h3 class=\"wp-block-heading\"><strong>Pourquoi l\u2019\u00c9tat n\u2019a pas maintenu les PPF\u00a0?<\/strong><\/h3>\n<!-- \/wp:heading -->\n\n<!-- wp:paragraph -->\n<p>Dans la premi\u00e8re version de la r\u00e9forme, le minist\u00e8re de l\u2019\u00c9conomie et des Finances avait pr\u00e9vu de d\u00e9ployer une plateforme devant jouer le r\u00f4le central dans la d\u00e9mat\u00e9rialisation des factures\u00a0: le <strong>Portail Public de Facturation<\/strong> (PPF).<\/p>\n<!-- \/wp:paragraph -->\n\n<!-- wp:paragraph -->\n<p>Le PPF avait pour principale mission de proposer aux entreprises fran\u00e7aises une solution simple et gratuite pour traiter les factures \u00e9lectroniques. Le 15 octobre dernier, l\u2019\u00e9cosyst\u00e8me des Plateformes de D\u00e9mat\u00e9rialisation Partenaires (PDP) est jug\u00e9 suffisamment robuste et dynamique selon le minist\u00e8re de l\u2019\u00c9conomie et des Finances. L\u2019\u00c9tat annonce officiellement, d\u00e8s lors, l\u2019abandon du Portail Public de Facturation (PPF).<\/p>\n<!-- \/wp:paragraph -->\n\n<!-- wp:paragraph -->\n<p><\/p>\n<!-- \/wp:paragraph -->\n\n<!-- wp:heading {\"level\":3} -->\n<h3 class=\"wp-block-heading\"><strong>Quelle sera la nature des documents \u00e9chang\u00e9s\u00a0?<\/strong><\/h3>\n<!-- \/wp:heading -->\n\n<!-- wp:paragraph -->\n<p>La <a href=\"https:\/\/www.ags-recordsmanagement.com\/fr\/numerisation-de-documents\/\" target=\"_blank\" rel=\"noreferrer noopener\">d\u00e9mat\u00e9rialisation<\/a> consiste \u00e0 transformer les factures papier en factures \u00e9lectroniques, mais elle vient bien au-del\u00e0 d\u2019un simple scan. Elle utilise des <strong>formats structur\u00e9s<\/strong> qui permettent aux syst\u00e8mes d\u2019information de traiter les donn\u00e9es des factures.<\/p>\n<!-- \/wp:paragraph -->\n\n<!-- wp:paragraph -->\n<p>Trois formats sont accept\u00e9s&nbsp;: la Factur-X, le UBL et le CII. Les formats non structur\u00e9s comme PDF simple, JPEG, PNG ou Word ne sont plus accept\u00e9s seuls, car ils ne permettent pas l'automatisation des contr\u00f4les fiscaux.<\/p>\n<!-- \/wp:paragraph -->\n\n<!-- wp:paragraph -->\n<p>Une PDP peut convertir un document dans le format requis afin de garantir sa conformit\u00e9. Le format Factur-X permet d\u2019avoir une facture lisible par un humain et exploitable automatiquement par les syst\u00e8mes d\u2019exploitation. Il devient la norme en Europe pour assurer l\u2019interop\u00e9rabilit\u00e9 entre les diff\u00e9rentes plateformes.<\/p>\n<!-- \/wp:paragraph -->\n\n<!-- wp:paragraph -->\n<p><\/p>\n<!-- \/wp:paragraph -->\n\n<!-- wp:heading {\"level\":3} -->\n<h3 class=\"wp-block-heading\"><strong>Pourquoi adopter maintenant\u00a0\u00e0 une PDP ?<\/strong><\/h3>\n<!-- \/wp:heading -->\n\n<!-- wp:paragraph -->\n<p>Les PDP optimisent les processus internes en automatisant l'<strong>\u00e9mission<\/strong>, la <strong>r\u00e9ception<\/strong>, le <strong>traitement<\/strong> et <a href=\"https:\/\/www.ags-recordsmanagement.com\/fr\/archivage-electronique\/archivage-electronique-a-valeur-probante\/\" target=\"_blank\" rel=\"noreferrer noopener\">l'archivage des factures<\/a>, r\u00e9duisant ainsi les erreurs et les risques de litiges. Donc en 2025, il est essentiel d\u2019\u00eatre pr\u00e9par\u00e9 \u00e0 la r\u00e9forme de la facturation \u00e9lectronique, notamment en faisant le choix d\u2019une PDP adapt\u00e9e aux besoins de l\u2019entreprise pour d\u00e9velopper la croissance de votre entreprise.<\/p>\n<!-- \/wp:paragraph -->\n\n<!-- wp:paragraph -->\n<p>Sans oublier que les objectifs de cette r\u00e9forme sont cruciaux\u00a0: lutter contre la fraude \u00e0 la TVA, simplifier les obligations d\u00e9claratives des entreprises, am\u00e9liorer la comp\u00e9titivit\u00e9.<\/p>\n<!-- \/wp:paragraph -->\n\n<!-- wp:paragraph -->\n<p><\/p>\n<!-- \/wp:paragraph -->\n\n<!-- wp:paragraph -->\n<p><strong>Vous souhaitez \u00eatre accompagn\u00e9 dans votre projet de facturation \u00e9lectronique\u00a0? Nos experts digitaux sont disponibles pour r\u00e9pondre \u00e0 vos questions.<\/strong><\/p>\n<!-- \/wp:paragraph -->\n\n<!-- wp:paragraph -->\n<p><\/p>\n<!-- \/wp:paragraph -->\n\n<!-- wp:buttons {\"layout\":{\"type\":\"flex\",\"justifyContent\":\"center\",\"orientation\":\"horizontal\",\"flexWrap\":\"wrap\"}} -->\n<div class=\"wp-block-buttons\"><!-- wp:button {\"textColor\":\"white\",\"style\":{\"elements\":{\"link\":{\"color\":{\"text\":\"var:preset|color|white\"}}},\"color\":{\"background\":\"#aa1111\"}}} -->\n<div class=\"wp-block-button\"><a class=\"wp-block-button__link has-white-color has-text-color has-background has-link-color wp-element-button\" href=\"https:\/\/www.ags-recordsmanagement.com\/fr\/contactez-nous\/\" style=\"background-color:#aa1111\">Contactez-nous<\/a><\/div>\n<!-- \/wp:button --><\/div>\n<!-- \/wp:buttons -->","_et_gb_content_width":"","footnotes":""},"categories":[1103,1119,1139],"tags":[],"subjects":[],"class_list":["post-987520397","post","type-post","status-publish","format-standard","has-post-thumbnail","hentry","category-archivage","category-digitalisation","category-paroles-dexperts"],"acf":[],"_links":{"self":[{"href":"https:\/\/www.ags-recordsmanagement.com\/fr\/wp-json\/wp\/v2\/posts\/987520397"}],"collection":[{"href":"https:\/\/www.ags-recordsmanagement.com\/fr\/wp-json\/wp\/v2\/posts"}],"about":[{"href":"https:\/\/www.ags-recordsmanagement.com\/fr\/wp-json\/wp\/v2\/types\/post"}],"author":[{"embeddable":true,"href":"https:\/\/www.ags-recordsmanagement.com\/fr\/wp-json\/wp\/v2\/users\/9"}],"replies":[{"embeddable":true,"href":"https:\/\/www.ags-recordsmanagement.com\/fr\/wp-json\/wp\/v2\/comments?post=987520397"}],"version-history":[{"count":6,"href":"https:\/\/www.ags-recordsmanagement.com\/fr\/wp-json\/wp\/v2\/posts\/987520397\/revisions"}],"predecessor-version":[{"id":987521026,"href":"https:\/\/www.ags-recordsmanagement.com\/fr\/wp-json\/wp\/v2\/posts\/987520397\/revisions\/987521026"}],"wp:featuredmedia":[{"embeddable":true,"href":"https:\/\/www.ags-recordsmanagement.com\/fr\/wp-json\/wp\/v2\/media\/987520413"}],"wp:attachment":[{"href":"https:\/\/www.ags-recordsmanagement.com\/fr\/wp-json\/wp\/v2\/media?parent=987520397"}],"wp:term":[{"taxonomy":"category","embeddable":true,"href":"https:\/\/www.ags-recordsmanagement.com\/fr\/wp-json\/wp\/v2\/categories?post=987520397"},{"taxonomy":"post_tag","embeddable":true,"href":"https:\/\/www.ags-recordsmanagement.com\/fr\/wp-json\/wp\/v2\/tags?post=987520397"},{"taxonomy":"subjects","embeddable":true,"href":"https:\/\/www.ags-recordsmanagement.com\/fr\/wp-json\/wp\/v2\/subjects?post=987520397"}],"curies":[{"name":"wp","href":"https:\/\/api.w.org\/{rel}","templated":true}]}}