{"id":987521217,"date":"2025-09-03T16:25:19","date_gmt":"2025-09-03T14:25:19","guid":{"rendered":"https:\/\/www.ags-recordsmanagement.com\/fr\/?p=987521217"},"modified":"2025-11-14T15:12:59","modified_gmt":"2025-11-14T13:12:59","slug":"matinale-du-numerique-en-corse-dematerialisation-et-conformite-pour-les-collectivites-locales","status":"publish","type":"post","link":"https:\/\/www.ags-recordsmanagement.com\/fr\/news\/matinale-du-numerique-en-corse-dematerialisation-et-conformite-pour-les-collectivites-locales\/","title":{"rendered":"Matinale du Num\u00e9rique en Corse : d\u00e9mat\u00e9rialisation et conformit\u00e9 pour les collectivit\u00e9s locales"},"content":{"rendered":"\n<p class=\"has-vivid-cyan-blue-color has-text-color has-link-color wp-elements-86f4a123c584a080c3b27aeae80431ef\"><b><span style=\"font-size: 11.0pt; font-family: 'Bahnschrift Light',sans-serif;\">Les<\/span><\/b><span style=\"font-size: 11.0pt; font-family: 'Bahnschrift Light',sans-serif;\"> <strong><span style=\"font-family: 'Bahnschrift Light',sans-serif;\">1er et 2 octobre 2025<\/span><\/strong><b>, la Corse devient le th\u00e9\u00e2tre d&rsquo;un \u00e9v\u00e9nement in\u00e9dit d\u00e9di\u00e9 \u00e0 la transformation num\u00e9rique des collectivit\u00e9s locales. Deux <\/b>\u00ab&nbsp;<strong><span style=\"font-family: 'Bahnschrift Light',sans-serif;\">Matinales du<\/span><\/strong> <strong><span style=\"font-family: 'Bahnschrift Light',sans-serif;\">Num\u00e9rique&nbsp;\u00bb<\/span><\/strong><b> se d\u00e9rouleront en Corse : \u00e0 <strong><span style=\"font-family: 'Bahnschrift Light',sans-serif;\">Bastia<\/span><\/strong> (1er octobre) et <strong><span style=\"font-family: 'Bahnschrift Light',sans-serif;\">Ajaccio<\/span><\/strong> (2 octobre). <\/b><\/span><\/p>\n\n\n\n<p><span style=\"font-size: 11.0pt; font-family: 'Bahnschrift Light',sans-serif;\">Ces rencontres \u00e0 <a href=\"https:\/\/www.ags-recordsmanagement.com\/fr\/nos-implantations\/france-metropolitaine-et-dom-tom\/ajaccio\/\" target=\"_blank\" rel=\"noreferrer noopener\">Ajaccio<\/a> et <a href=\"https:\/\/www.ags-recordsmanagement.com\/fr\/nos-implantations\/france-metropolitaine-et-dom-tom\/bastia\/\" target=\"_blank\" rel=\"noreferrer noopener\">Bastia<\/a>, destin\u00e9es aux <strong data-start=\"667\" data-end=\"722\"><span style=\"font-family: 'Bahnschrift Light',sans-serif; font-weight: normal;\"><strong>Maires<\/strong>, <strong>\u00e9lus et responsables de services<\/strong><\/span><\/strong>, visent \u00e0 partager r\u00e9flexions, retours d\u2019exp\u00e9rience et bonnes pratiques pour accompagner les collectivit\u00e9s dans leur <strong>transition num\u00e9rique<\/strong>.<\/span><\/p>\n\n\n\n<p><\/p>\n\n\n\n<h2 class=\"wp-block-heading\"><strong>Un rendez-vous pour penser la transformation num\u00e9rique des collectivit\u00e9s<\/strong><\/h2>\n\n\n\n<p>Piles de dossiers qui s&rsquo;accumulent, recherches fastidieuses dans les archives, d\u00e9lais de traitement qui s&rsquo;allongent&#8230; Ces d\u00e9fis sont le quotidien des collectivit\u00e9s. Les mairies font face aux m\u00eames enjeux : comment moderniser l&rsquo;administration tout en respectant les obligations l\u00e9gales strictes du service public ? La <a href=\"https:\/\/www.ags-recordsmanagement.com\/fr\/solutions-logicielles\/\" target=\"_blank\" rel=\"noreferrer noopener\">d\u00e9mat\u00e9rialisation <\/a>repr\u00e9sente une r\u00e9ponse concr\u00e8te \u00e0 ces probl\u00e9matiques, mais encore faut-il la mettre en \u0153uvre correctement. Entre les questions de valeur probante, d&rsquo;<a href=\"https:\/\/www.ags-recordsmanagement.com\/fr\/archivage-electronique\/\" target=\"_blank\" rel=\"noopener\">archivage \u00e9lectronique<\/a> l\u00e9gal et de s\u00e9curisation des donn\u00e9es, les interrogations sont nombreuses.<\/p>\n\n\n\n<p><\/p>\n\n\n\n<figure class=\"wp-block-image size-large\"><img loading=\"lazy\" decoding=\"async\" width=\"1024\" height=\"579\" src=\"https:\/\/www.ags-recordsmanagement.com\/fr\/wp-content\/uploads\/sites\/2\/2025\/09\/Corse-Matinale-du-Numerique-1024x579.jpg\" alt=\"Matinale sur la d\u00e9mat\u00e9rialisation pour les collectivit\u00e9s en Corse\" class=\"wp-image-987521262\" srcset=\"https:\/\/www.ags-recordsmanagement.com\/fr\/wp-content\/uploads\/sites\/2\/2025\/09\/Corse-Matinale-du-Numerique-1024x579.jpg 1024w, https:\/\/www.ags-recordsmanagement.com\/fr\/wp-content\/uploads\/sites\/2\/2025\/09\/Corse-Matinale-du-Numerique-300x170.jpg 300w, https:\/\/www.ags-recordsmanagement.com\/fr\/wp-content\/uploads\/sites\/2\/2025\/09\/Corse-Matinale-du-Numerique-768x434.jpg 768w, https:\/\/www.ags-recordsmanagement.com\/fr\/wp-content\/uploads\/sites\/2\/2025\/09\/Corse-Matinale-du-Numerique-1536x868.jpg 1536w, https:\/\/www.ags-recordsmanagement.com\/fr\/wp-content\/uploads\/sites\/2\/2025\/09\/Corse-Matinale-du-Numerique-2048x1157.jpg 2048w, https:\/\/www.ags-recordsmanagement.com\/fr\/wp-content\/uploads\/sites\/2\/2025\/09\/Corse-Matinale-du-Numerique-1080x610.jpg 1080w, https:\/\/www.ags-recordsmanagement.com\/fr\/wp-content\/uploads\/sites\/2\/2025\/09\/Corse-Matinale-du-Numerique-1280x724.jpg 1280w, https:\/\/www.ags-recordsmanagement.com\/fr\/wp-content\/uploads\/sites\/2\/2025\/09\/Corse-Matinale-du-Numerique-980x554.jpg 980w, https:\/\/www.ags-recordsmanagement.com\/fr\/wp-content\/uploads\/sites\/2\/2025\/09\/Corse-Matinale-du-Numerique-480x271.jpg 480w\" sizes=\"(max-width: 1024px) 100vw, 1024px\" \/><\/figure>\n\n\n\n<p><\/p>\n\n\n\n<h2 class=\"wp-block-heading\"><strong>Deux grandes th\u00e9matiques au programme<\/strong><\/h2>\n\n\n\n<h3 class=\"wp-block-heading\"><strong>Th\u00e9matique 1 : Allier efficacit\u00e9 et conformit\u00e9 dans la d\u00e9mat\u00e9rialisation des processus<\/strong><\/h3>\n\n\n\n<p>Cette session abordera trois domaines strat\u00e9giques avec un focus particulier sur l&rsquo;archivage l\u00e9gal et l&rsquo;optimisation des flux.<\/p>\n\n\n\n<ul class=\"wp-block-list\">\n<li><strong>\u00c9tat-civil<\/strong> : De la num\u00e9risation des registres \u00e0 l\u2019int\u00e9gration des donn\u00e9es dans les logiciels m\u00e9tier, des solutions concr\u00e8tes et conformes pour fluidifier la gestion des documents pour les agents : recherche instantan\u00e9e, partage s\u00e9curis\u00e9 entre services.<\/li>\n\n\n\n<li><strong><a href=\"https:\/\/www.ags-recordsmanagement.com\/fr\/digitalisation-des-processus-documentaires\/dematerialisation-des-documents-durbanisme\/\" target=\"_blank\" rel=\"noreferrer noopener\">Urbanisme<\/a><\/strong>\u00a0: Au-del\u00e0 de la <a href=\"https:\/\/www.ags-recordsmanagement.com\/fr\/numerisation-de-documents\/numerisation-fidele\/\" target=\"_blank\" rel=\"noopener\">num\u00e9risation fid\u00e8le<\/a>, un focus sur les aspects r\u00e9glementaires de la <strong>conservation \u00e9lectronique<\/strong> des autorisations d&rsquo;urbanisme et leur impact sur la <strong>valeur probante<\/strong>.<\/li>\n\n\n\n<li><strong>Patrimonial<\/strong>&nbsp;: Num\u00e9risation et valorisation des documents historiques (photos, plans affiches historiques). Comment concilier pr\u00e9servation patrimoniale et accessibilit\u00e9 moderne ?<\/li>\n<\/ul>\n\n\n\n<p><strong>\ud83d\udc49 Objectif<\/strong> : un gain de temps pour les agents et une meilleure transparence pour les administr\u00e9s.<\/p>\n\n\n\n<p><\/p>\n\n\n\n<h3 class=\"wp-block-heading\"><strong>Th\u00e9matique 2 : R\u00e9volutionner la gestion du courrier<\/strong><\/h3>\n\n\n\n<ul class=\"wp-block-list\">\n<li>L&rsquo;optimisation des circuits de validation internes gr\u00e2ce \u00e0 la <a href=\"https:\/\/www.ags-recordsmanagement.com\/fr\/logiciel-gec-gestion-electronique\/\" target=\"_blank\" rel=\"noopener\">gestion \u00e9lectronique du courrier<\/a><\/li>\n\n\n\n<li>La mise en place de workflows num\u00e9riques pour le courrier sortant<\/li>\n\n\n\n<li>Les outils de tra\u00e7abilit\u00e9 et de suivi des correspondances<\/li>\n\n\n\n<li>Gain en productivit\u00e9 gr\u00e2ce \u00e0 une organisation centralis\u00e9e.<\/li>\n<\/ul>\n\n\n\n<p>\ud83d\udc49 <strong>Objectif<\/strong><strong> : <\/strong>moins de paperasse, plus d\u2019efficacit\u00e9.<\/p>\n\n\n\n<h2 class=\"wp-block-heading\">&nbsp;<\/h2>\n\n\n\n<h2 class=\"wp-block-heading\"><strong>Pourquoi participer \u00e0 cette matinale sur la transformation num\u00e9rique ?<\/strong><\/h2>\n\n\n\n<p>La transition num\u00e9rique des collectivit\u00e9s n\u2019est plus une option, mais une priorit\u00e9 strat\u00e9gique. Les citoyens attendent des services publics modernes, rapides et transparents. Cette matinale a pour objectif de donner des solutions concr\u00e8tes aux collectivit\u00e9s pour franchir un cap dans leur transformation digitale. Nos experts partageront cas pratiques, retours d\u2019exp\u00e9rience et bonnes pratiques notamment sur respect de la conformit\u00e9 r\u00e9glementaire.<\/p>\n\n\n\n<h2 class=\"wp-block-heading\">&nbsp;<\/h2>\n\n\n\n<h2 class=\"wp-block-heading\"><strong>Pour qui est faite cette matinale ?<\/strong><\/h2>\n\n\n\n<ul class=\"wp-block-list\">\n<li>Maires souhaitant moderniser leur commune,<\/li>\n\n\n\n<li>Directeurs de services municipaux \u00e0 la recherche de solutions innovantes,<\/li>\n\n\n\n<li>\u00c9lus et membres de conseils municipaux responsables du num\u00e9rique, de l\u2019urbanisme ou des affaires g\u00e9n\u00e9rales.<\/li>\n<\/ul>\n\n\n\n<h2 class=\"wp-block-heading\">&nbsp;<\/h2>\n\n\n\n<h2 class=\"wp-block-heading\"><strong>R\u00e9servation<\/strong><\/h2>\n\n\n\n<p>Entr\u00e9e gratuite sur inscription uniquement. <\/p>\n\n\n\n<p>\ud83d\udccdMercredi 01 octobre 2025 \u2013 Hotel**** OSTELLA \u2013 17 rue du Mar\u00e9chal Juin &#8211; 20600 Bastia<\/p>\n\n\n\n<div class=\"wp-block-buttons is-horizontal is-content-justification-center is-layout-flex wp-container-core-buttons-is-layout-1 wp-block-buttons-is-layout-flex\">\n<div class=\"wp-block-button\"><a class=\"wp-block-button__link has-white-color has-text-color has-background has-link-color has-text-align-left wp-element-button\" href=\"https:\/\/forms.cloud.microsoft\/r\/FutRCWpxEb?origin=lprLink\" style=\"background-color:#aa1111\">Bastia &gt; Je r\u00e9serve ma place<\/a><\/div>\n<\/div>\n\n\n\n<p><\/p>\n\n\n\n<p>\ud83d\udccdJeudi 02 octobre 2025 &#8211; Hotel**** CAMPO DELL&rsquo;ORO &#8211; Plage du Ricanto &#8211; 20700 AJACCIO <strong>&nbsp;<\/strong><\/p>\n\n\n\n<div class=\"wp-block-buttons is-horizontal is-content-justification-center is-layout-flex wp-container-core-buttons-is-layout-2 wp-block-buttons-is-layout-flex\">\n<div class=\"wp-block-button\"><a class=\"wp-block-button__link has-white-color has-text-color has-background has-link-color has-text-align-left wp-element-button\" href=\"https:\/\/forms.cloud.microsoft\/r\/TDguZnbDT5?origin=lprLink\" style=\"background-color:#aa1111\">Ajaccio &gt; Je r\u00e9serve ma place<\/a><\/div>\n<\/div>\n\n\n\n<p><\/p>\n\n\n\n<p><strong>Notre objectif<\/strong> <strong>?<\/strong> Que chaque participant reparte avec une feuille de route claire pour engager ou acc\u00e9l\u00e9rer sa d\u00e9marche de d\u00e9mat\u00e9rialisation, en toute s\u00e9r\u00e9nit\u00e9 ET conformit\u00e9 r\u00e8glementaire.<\/p>\n","protected":false},"excerpt":{"rendered":"<p>Les 1er et 2 octobre 2025, la Corse devient le th\u00e9\u00e2tre d&rsquo;un \u00e9v\u00e9nement in\u00e9dit d\u00e9di\u00e9 \u00e0 la transformation num\u00e9rique des collectivit\u00e9s locales. Deux \u00ab&nbsp;Matinales du Num\u00e9rique&nbsp;\u00bb se d\u00e9rouleront en Corse : \u00e0 Bastia (1er octobre) et Ajaccio (2 octobre). Ces rencontres \u00e0 Ajaccio et Bastia, destin\u00e9es aux Maires, \u00e9lus et responsables de services, visent \u00e0 [&hellip;]<\/p>\n","protected":false},"author":1,"featured_media":987521224,"comment_status":"closed","ping_status":"open","sticky":false,"template":"","format":"standard","meta":{"_acf_changed":false,"_et_pb_use_builder":"off","_et_pb_old_content":"<h2><b><span style=\"font-size: 11.0pt; font-family: 'Bahnschrift Light',sans-serif;\">Les<\/span><\/b><span style=\"font-size: 11.0pt; font-family: 'Bahnschrift Light',sans-serif;\"> <strong><span style=\"font-family: 'Bahnschrift Light',sans-serif;\">1er et 2 octobre 2025<\/span><\/strong><b>, la Corse devient le th\u00e9\u00e2tre d'un \u00e9v\u00e9nement in\u00e9dit d\u00e9di\u00e9 \u00e0 la transformation num\u00e9rique des collectivit\u00e9s locales. Deux <\/b>\u00ab\u00a0<strong><span style=\"font-family: 'Bahnschrift Light',sans-serif;\">Matinales du<\/span><\/strong> <strong><span style=\"font-family: 'Bahnschrift Light',sans-serif;\">Num\u00e9rique\u00a0\u00bb<\/span><\/strong><b> se d\u00e9rouleront en Corse : \u00e0 <strong><span style=\"font-family: 'Bahnschrift Light',sans-serif;\">Bastia<\/span><\/strong> (1er octobre) et <strong><span style=\"font-family: 'Bahnschrift Light',sans-serif;\">Ajaccio<\/span><\/strong> (2 octobre). <\/b><\/span><\/h2>\n<p class=\"whitespace-normal\"><span style=\"font-size: 11.0pt; font-family: 'Bahnschrift Light',sans-serif;\">Ces rencontres, destin\u00e9es aux <strong data-start=\"667\" data-end=\"722\"><span style=\"font-family: 'Bahnschrift Light',sans-serif; font-weight: normal;\"><strong>Maires<\/strong>, <strong>\u00e9lus et responsables de services<\/strong><\/span><\/strong>, visent \u00e0 partager r\u00e9flexions, retours d\u2019exp\u00e9rience et bonnes pratiques pour accompagner les collectivit\u00e9s dans leur <strong>transition num\u00e9rique<\/strong>.<\/span><\/p>\n\n<h2><\/h2>\n<h2><strong>Un rendez-vous pour penser la transformation num\u00e9rique des collectivit\u00e9s<\/strong><\/h2>\nPiles de dossiers qui s'accumulent, recherches fastidieuses dans les archives, d\u00e9lais de traitement qui s'allongent... Ces d\u00e9fis sont le quotidien des collectivit\u00e9s. Les mairies font face aux m\u00eames enjeux : comment moderniser l'administration tout en respectant les obligations l\u00e9gales strictes du service public ? La d\u00e9mat\u00e9rialisation repr\u00e9sente une r\u00e9ponse concr\u00e8te \u00e0 ces probl\u00e9matiques, mais encore faut-il la mettre en \u0153uvre correctement. Entre les questions de valeur probante, d'<a href=\"https:\/\/www.ags-recordsmanagement.com\/fr\/archivage-electronique\/\" target=\"_blank\" rel=\"noopener\">archivage \u00e9lectronique<\/a> l\u00e9gal et de s\u00e9curisation des donn\u00e9es, les interrogations sont nombreuses.\n<h2><img class=\"size-medium wp-image-987521231 aligncenter\" src=\"https:\/\/www.ags-recordsmanagement.com\/fr\/wp-content\/uploads\/sites\/2\/2025\/09\/Corse-Matinale-du-Numerique-300x170.png\" alt=\"D\u00e9mat\u00e9rialisation des Collectivit\u00e9 en Corse\" width=\"300\" height=\"170\" \/><\/h2>\n<h2><strong>Deux grandes th\u00e9matiques au programme<\/strong><\/h2>\n<h3><strong>Th\u00e9matique 1 : Allier efficacit\u00e9 et conformit\u00e9 dans la d\u00e9mat\u00e9rialisation des processus<\/strong><\/h3>\nCette session abordera trois domaines strat\u00e9giques avec un focus particulier sur l'archivage l\u00e9gal et l'optimisation des flux.\n<ul>\n \t<li><strong>\u00c9tat-civil<\/strong> : De la num\u00e9risation des registres \u00e0 l\u2019int\u00e9gration des donn\u00e9es dans les logiciels m\u00e9tier, des solutions concr\u00e8tes et conformes pour fluidifier la gestion des documents pour les agents : recherche instantan\u00e9e, partage s\u00e9curis\u00e9 entre services.<\/li>\n \t<li><strong>Urbanisme<\/strong>\u00a0: Au-del\u00e0 de la <a href=\"https:\/\/www.ags-recordsmanagement.com\/fr\/numerisation-de-documents\/numerisation-fidele\/\" target=\"_blank\" rel=\"noopener\">num\u00e9risation fid\u00e8le<\/a>, un focus sur les aspects r\u00e9glementaires de la <strong>conservation \u00e9lectronique<\/strong> des autorisations d'urbanisme et leur impact sur la <strong>valeur probante<\/strong>.<\/li>\n \t<li><strong>Patrimonial<\/strong>\u00a0: Num\u00e9risation et valorisation des documents historiques (photos, plans affiches historiques). Comment concilier pr\u00e9servation patrimoniale et accessibilit\u00e9 moderne ?<\/li>\n<\/ul>\n<strong>\ud83d\udc49 Objectif<\/strong> : un gain de temps pour les agents et une meilleure transparence pour les administr\u00e9s.\n<h3><strong>Th\u00e9matique 2 : R\u00e9volutionner la gestion du courrier<\/strong><\/h3>\n<ul>\n \t<li>L'optimisation des circuits de validation internes gr\u00e2ce \u00e0 la <a href=\"https:\/\/www.ags-recordsmanagement.com\/fr\/logiciel-gec-gestion-electronique\/\" target=\"_blank\" rel=\"noopener\">gestion \u00e9lectronique du courrier<\/a><\/li>\n \t<li>La mise en place de workflows num\u00e9riques pour le courrier sortant<\/li>\n \t<li>Les outils de tra\u00e7abilit\u00e9 et de suivi des correspondances<\/li>\n \t<li>Gain en productivit\u00e9 gr\u00e2ce \u00e0 une organisation centralis\u00e9e.<\/li>\n<\/ul>\n\ud83d\udc49 <strong>Objectif<\/strong><strong> : <\/strong>moins de paperasse, plus d\u2019efficacit\u00e9.\n<h2><\/h2>\n<h2><strong>Pourquoi participer \u00e0 cette matinale sur la transformation num\u00e9rique ?<\/strong><\/h2>\nLa transition num\u00e9rique des collectivit\u00e9s n\u2019est plus une option, mais une priorit\u00e9 strat\u00e9gique. Les citoyens attendent des services publics modernes, rapides et transparents. Cette matinale a pour objectif de donner des solutions concr\u00e8tes aux collectivit\u00e9s pour franchir un cap dans leur transformation digitale. Nos experts partageront cas pratiques, retours d\u2019exp\u00e9rience et bonnes pratiques notamment sur respect de la conformit\u00e9 r\u00e9glementaire.\n<h2><\/h2>\n<h2><strong>Pour qui est faite cette matinale ?<\/strong><\/h2>\n<ul>\n \t<li data-start=\"2381\" data-end=\"2427\">Maires souhaitant moderniser leur commune,<\/li>\n \t<li>Directeurs de services municipaux \u00e0 la recherche de solutions innovantes,<\/li>\n \t<li>\u00c9lus et membres de conseils municipaux responsables du num\u00e9rique, de l\u2019urbanisme ou des affaires g\u00e9n\u00e9rales.<\/li>\n<\/ul>\n<h2><\/h2>\n<h2><strong>R\u00e9servation<\/strong><\/h2>\nEntr\u00e9e gratuite sur inscription uniquement. \ud83d\udccdMercredi 01 octobre 2025 \u2013 Hotel**** OSTELLA \u2013 17 rue du Mar\u00e9chal Juin - 20600 Bastia <a class=\"wp-block-button__link has-white-color has-text-color has-background has-link-color wp-element-button\" href=\"https:\/\/forms.cloud.microsoft\/r\/FutRCWpxEb?origin=lprLink\" rel=\"\">Bastia - Je r\u00e9serve ma place<\/a> \ud83d\udccdJeudi 02 octobre 2025 - Hotel**** CAMPO DELL'ORO - Plage du Ricanto - 20700 AJACCIO <a class=\"wp-block-button__link has-white-color has-text-color has-background has-link-color wp-element-button\" href=\"https:\/\/forms.cloud.microsoft\/r\/TDguZnbDT5?origin=lprLink\" rel=\"\">Ajaccio - Je r\u00e9serve ma place<\/a> <strong>\u00a0<\/strong><strong>Notre objectif<\/strong> <strong>?<\/strong> Que chaque participant reparte avec une feuille de route claire pour engager ou acc\u00e9l\u00e9rer sa d\u00e9marche de d\u00e9mat\u00e9rialisation, en toute s\u00e9r\u00e9nit\u00e9 ET conformit\u00e9 r\u00e8glementaire.","_et_gb_content_width":"","footnotes":""},"categories":[1119,1141],"tags":[],"subjects":[],"class_list":["post-987521217","post","type-post","status-publish","format-standard","has-post-thumbnail","hentry","category-digitalisation","category-evenement"],"acf":[],"_links":{"self":[{"href":"https:\/\/www.ags-recordsmanagement.com\/fr\/wp-json\/wp\/v2\/posts\/987521217"}],"collection":[{"href":"https:\/\/www.ags-recordsmanagement.com\/fr\/wp-json\/wp\/v2\/posts"}],"about":[{"href":"https:\/\/www.ags-recordsmanagement.com\/fr\/wp-json\/wp\/v2\/types\/post"}],"author":[{"embeddable":true,"href":"https:\/\/www.ags-recordsmanagement.com\/fr\/wp-json\/wp\/v2\/users\/1"}],"replies":[{"embeddable":true,"href":"https:\/\/www.ags-recordsmanagement.com\/fr\/wp-json\/wp\/v2\/comments?post=987521217"}],"version-history":[{"count":27,"href":"https:\/\/www.ags-recordsmanagement.com\/fr\/wp-json\/wp\/v2\/posts\/987521217\/revisions"}],"predecessor-version":[{"id":987522598,"href":"https:\/\/www.ags-recordsmanagement.com\/fr\/wp-json\/wp\/v2\/posts\/987521217\/revisions\/987522598"}],"wp:featuredmedia":[{"embeddable":true,"href":"https:\/\/www.ags-recordsmanagement.com\/fr\/wp-json\/wp\/v2\/media\/987521224"}],"wp:attachment":[{"href":"https:\/\/www.ags-recordsmanagement.com\/fr\/wp-json\/wp\/v2\/media?parent=987521217"}],"wp:term":[{"taxonomy":"category","embeddable":true,"href":"https:\/\/www.ags-recordsmanagement.com\/fr\/wp-json\/wp\/v2\/categories?post=987521217"},{"taxonomy":"post_tag","embeddable":true,"href":"https:\/\/www.ags-recordsmanagement.com\/fr\/wp-json\/wp\/v2\/tags?post=987521217"},{"taxonomy":"subjects","embeddable":true,"href":"https:\/\/www.ags-recordsmanagement.com\/fr\/wp-json\/wp\/v2\/subjects?post=987521217"}],"curies":[{"name":"wp","href":"https:\/\/api.w.org\/{rel}","templated":true}]}}