{"id":987521712,"date":"2025-10-22T08:48:12","date_gmt":"2025-10-22T06:48:12","guid":{"rendered":"https:\/\/www.ags-recordsmanagement.com\/fr\/news\/eidas-2-archivage-electronique-europeen-copy\/"},"modified":"2026-01-06T10:30:15","modified_gmt":"2026-01-06T08:30:15","slug":"portrait-metier-responsable-centre-conservation-archives","status":"publish","type":"post","link":"https:\/\/www.ags-recordsmanagement.com\/fr\/news\/portrait-metier-responsable-centre-conservation-archives\/","title":{"rendered":"Willy Mendy : Responsable du centre de conservation d\u2019archives de Taverny"},"content":{"rendered":"\r\n<h1 class=\"wp-block-heading\"><strong>Portrait de savoir-faire : Willy Mendy, Responsable du centre de conservation d\u2019archives de Taverny<\/strong><\/h1>\r\n<p>&nbsp;<\/p>\r\n\r\n\r\n\r\n<p class=\"has-vivid-cyan-blue-color has-text-color has-link-color has-medium-font-size wp-elements-59eb230b6279d963d14b377bbabcdb73\"><strong>Derri\u00e8re chaque archive conserv\u00e9e, chaque document num\u00e9ris\u00e9, il y a des femmes et des hommes passionn\u00e9s par leur m\u00e9tier. Rencontre avec Willy Mendy, Responsable du d\u00e9p\u00f4t de Taverny d&rsquo;AGS Records Management, qui nous ouvre les portes de son quotidien et nous fait d\u00e9couvrir un m\u00e9tier m\u00e9connu mais essentiel.<\/strong><\/p>\r\n<p>&nbsp;<\/p>\r\n\r\n\r\n\r\n<p>2020 marque un tournant dans la vie de Willy Mendy. Apr\u00e8s avoir travaill\u00e9 dans l&rsquo;int\u00e9rim, au sein du groupe La Poste, puis comme chauffeur VTC, la crise du Covid l&rsquo;oblige \u00e0 se r\u00e9inventer. C&rsquo;est par le biais d&rsquo;une rencontre sportive avec Eddy Nait Liman, Responsable multisites chez AGS Records Management, qu&rsquo;il d\u00e9couvre l&rsquo;univers de <a href=\"https:\/\/www.ags-recordsmanagement.com\/fr\/solution-de-gestion-des-archives\/\" target=\"_blank\" rel=\"noopener\"><strong>l&rsquo;archivage<\/strong><\/a>.<\/p>\r\n<p>\u00ab <em>Je ne connaissais rien \u00e0 ce m\u00e9tier, mais j&rsquo;ai eu envie de relever ce d\u00e9fi<\/em> \u00bb, confie-t-il. Il int\u00e8gre alors le groupe comme archiviste polyvalent, un poste qui lui permet d&rsquo;apprendre les fondamentaux : manipulation des <strong>archives<\/strong>, contact client, logistique d\u00e9di\u00e9e aux projets d\u2019archivage physique et de <a href=\"https:\/\/www.ags-recordsmanagement.com\/fr\/numerisation-de-documents\/\" target=\"_blank\" rel=\"noopener\">num\u00e9risation de documents<\/a>.<\/p>\r\n<p>\r\n\r\n<\/p>\r\n<p>\r\n\r\n<\/p>\r\n<h2 class=\"wp-block-heading\"><strong>Une \u00e9volution rapide au sein de l\u2019entreprise<\/strong><\/h2>\r\n<p>\r\n\r\n<\/p>\r\n<p>En 2021, AGS Records Management ouvre un nouveau site \u00e0 <a href=\"https:\/\/www.ags-recordsmanagement.com\/fr\/nos-implantations\/france-metropolitaine-et-dom-tom\/paris\/\" target=\"_blank\" rel=\"noopener\">Taverny<\/a>. L&rsquo;entreprise cherche en interne le futur gestionnaire de ce d\u00e9p\u00f4t strat\u00e9gique. Willy Mendy se porte candidat et d\u00e9croche le poste d&rsquo;aide-gestionnaire.<\/p>\r\n<p><\/p>\r\n<p><img loading=\"lazy\" decoding=\"async\" class=\"alignleft wp-image-987521715\" src=\"https:\/\/www.ags-recordsmanagement.com\/fr\/wp-content\/uploads\/sites\/2\/2025\/10\/Image4-297x300.png\" alt=\"\" width=\"155\" height=\"157\" \/><\/p>\r\n<blockquote>\r\n<p>&nbsp;<\/p>\r\n<p class=\"article_quote\">\u00ab <em>J&rsquo;ai pu comprendre toute la cha\u00eene de l&rsquo;archivage, de la r\u00e9ception des documents jusqu&rsquo;\u00e0 leur <strong>restitution<\/strong> ou <strong>destruction<\/strong>, en passant par la gestion des \u00e9quipes<\/em>\u00a0\u00bb.<\/p>\r\n<p>Willy Mendy, Responsable du site de Taverny<\/p>\r\n<p>&nbsp;<\/p>\r\n<\/blockquote>\r\n<p>Un an plus tard, il devient Responsable du d\u00e9p\u00f4t de Taverny, d\u00e9sormais vitrine du groupe. Il manage aujourd&rsquo;hui un archiviste polyvalent et supervise six collaborateurs d\u00e9di\u00e9s \u00e0 la num\u00e9risation.<\/p>\r\n<p><!-- \/wp:paragraph --><\/p>\r\n<p><!-- wp:heading --><\/p>\r\n<h2 class=\"wp-block-heading\"><strong>Un m\u00e9ti<\/strong><strong>er aux multiples facettes<\/strong><\/h2>\r\n<p><!-- \/wp:heading --><\/p>\r\n<p><!-- wp:paragraph --><\/p>\r\n<p>Le quotidien de Willy Mendy allie gestion administrative et travail op\u00e9rationnel. Il supervise les bordereaux de prestation, coordonne les <strong>op\u00e9rations d&rsquo;archivage<\/strong> et pilote avec son \u00e9quipe les <a href=\"https:\/\/www.ags-recordsmanagement.com\/fr\/solution-de-gestion-des-archives\/destruction-darchives\/\" target=\"_blank\" rel=\"noopener\">destructions<\/a> et restitutions d&rsquo;archives.<\/p>\r\n<p>Les chiffres parlent d&rsquo;eux-m\u00eames : le d\u00e9p\u00f4t de Taverny conserve 125 000 conteneurs, principalement des dossiers m\u00e9dicaux et des contrats. Mais au-del\u00e0 des volumes, ce qui anime Willy, c&rsquo;est la satisfaction client : \u00ab <em>M\u00eame si je ne suis plus en contact direct avec eux, ma priorit\u00e9 absolue reste de r\u00e9pondre parfaitement \u00e0 leurs besoins<\/em>. \u00bb<\/p>\r\n<p>Willy et ses \u00e9quipes g\u00e8rent \u00e9galement des <a href=\"https:\/\/www.ags-recordsmanagement.com\/fr\/solution-de-gestion-des-archives\/externalisation-des-archives-physiques\/\" target=\"_blank\" rel=\"noopener\">projets d&rsquo;archivage<\/a> exceptionnels pour des clients strat\u00e9giques, n\u00e9cessitant expertise technique et organisation rigoureuse.<\/p>\r\n<p><!-- \/wp:paragraph --><\/p>\r\n<p><a href=\"https:\/\/www.ags-recordsmanagement.com\/fr\/solution-de-gestion-des-archives\/\" target=\"_blank\" rel=\"noopener\"><img loading=\"lazy\" decoding=\"async\" class=\"alignnone wp-image-987521050 size-large\" src=\"https:\/\/www.ags-recordsmanagement.com\/fr\/wp-content\/uploads\/sites\/2\/2025\/08\/Solutions-archivage-physique-1024x265.jpg\" alt=\"Prestataire externalisation d'archives entreprise\" width=\"1024\" height=\"265\" srcset=\"https:\/\/www.ags-recordsmanagement.com\/fr\/wp-content\/uploads\/sites\/2\/2025\/08\/Solutions-archivage-physique-1024x265.jpg 1024w, https:\/\/www.ags-recordsmanagement.com\/fr\/wp-content\/uploads\/sites\/2\/2025\/08\/Solutions-archivage-physique-980x253.jpg 980w, https:\/\/www.ags-recordsmanagement.com\/fr\/wp-content\/uploads\/sites\/2\/2025\/08\/Solutions-archivage-physique-480x124.jpg 480w\" sizes=\"(min-width: 0px) and (max-width: 480px) 480px, (min-width: 481px) and (max-width: 980px) 980px, (min-width: 981px) 1024px, 100vw\" \/><\/a><\/p>\r\n<p><!-- wp:paragraph --><!-- \/wp:paragraph --><\/p>\r\n<p><!-- wp:heading --><!-- \/wp:paragraph --><\/p>\r\n<p><!-- wp:heading --><\/p>\r\n<h2 class=\"wp-block-heading\"><strong>L&rsquo;humain au c\u0153ur de la r\u00e9ussite<\/strong><\/h2>\r\n<p><!-- \/wp:heading --><\/p>\r\n<p><!-- wp:paragraph --><\/p>\r\n<p>La qualit\u00e9 du travail ne se d\u00e9cr\u00e8te pas, elle se construit collectivement. Willy Mendy en a fait sa conviction. Dans cette entreprise \u00e0 taille humaine, il place la coh\u00e9sion d&rsquo;\u00e9quipe et l&rsquo;entraide au centre de son management. Cette culture collaborative, marque de fabrique du groupe Mobilitas, constitue le moteur quotidien de Willy Mendy.<\/p>\r\n<p>Son parcours illustre parfaitement qu&rsquo;avec de la volont\u00e9 et un bon accompagnement, une reconversion professionnelle peut mener \u00e0 une v\u00e9ritable expertise m\u00e9tier.<!-- wp:paragraph -->\r\n\r\n<!-- wp:paragraph --><!-- \/wp:paragraph --><\/p>\r\n<p><!-- \/wp:paragraph --><\/p>\r\n<p><!-- wp:heading --><!-- \/wp:paragraph --><\/p>\r\n<p><strong>Votre entreprise recherche un partenaire de confiance pour g\u00e9rer ses archives ? D\u00e9couvrez l&rsquo;expertise des \u00e9quipes AGS Records Management. <\/strong><a href=\"https:\/\/www.ags-recordsmanagement.com\/fr\/contactez-nous\/\" target=\"_blank\" rel=\"noopener\"><strong>Contactez-nous<\/strong><\/a><strong> d\u00e8s maintenant pour \u00e9changer sur vos besoins en archivage et num\u00e9risation.<\/strong><\/p>\r\n<p><!-- \/wp:paragraph --><\/p>","protected":false},"excerpt":{"rendered":"<p>Portrait de savoir-faire : Willy Mendy, Responsable du centre de conservation d\u2019archives de Taverny &nbsp; Derri\u00e8re chaque archive conserv\u00e9e, chaque document num\u00e9ris\u00e9, il y a des femmes et des hommes passionn\u00e9s par leur m\u00e9tier. Rencontre avec Willy Mendy, Responsable du d\u00e9p\u00f4t de Taverny d&rsquo;AGS Records Management, qui nous ouvre les portes de son quotidien et [&hellip;]<\/p>\n","protected":false},"author":9,"featured_media":987522050,"comment_status":"closed","ping_status":"open","sticky":false,"template":"","format":"standard","meta":{"_acf_changed":false,"_et_pb_use_builder":"off","_et_pb_old_content":"","_et_gb_content_width":"","footnotes":""},"categories":[1103,1139],"tags":[],"subjects":[],"class_list":["post-987521712","post","type-post","status-publish","format-standard","has-post-thumbnail","hentry","category-archivage","category-paroles-dexperts"],"acf":[],"_links":{"self":[{"href":"https:\/\/www.ags-recordsmanagement.com\/fr\/wp-json\/wp\/v2\/posts\/987521712"}],"collection":[{"href":"https:\/\/www.ags-recordsmanagement.com\/fr\/wp-json\/wp\/v2\/posts"}],"about":[{"href":"https:\/\/www.ags-recordsmanagement.com\/fr\/wp-json\/wp\/v2\/types\/post"}],"author":[{"embeddable":true,"href":"https:\/\/www.ags-recordsmanagement.com\/fr\/wp-json\/wp\/v2\/users\/9"}],"replies":[{"embeddable":true,"href":"https:\/\/www.ags-recordsmanagement.com\/fr\/wp-json\/wp\/v2\/comments?post=987521712"}],"version-history":[{"count":25,"href":"https:\/\/www.ags-recordsmanagement.com\/fr\/wp-json\/wp\/v2\/posts\/987521712\/revisions"}],"predecessor-version":[{"id":987522189,"href":"https:\/\/www.ags-recordsmanagement.com\/fr\/wp-json\/wp\/v2\/posts\/987521712\/revisions\/987522189"}],"wp:featuredmedia":[{"embeddable":true,"href":"https:\/\/www.ags-recordsmanagement.com\/fr\/wp-json\/wp\/v2\/media\/987522050"}],"wp:attachment":[{"href":"https:\/\/www.ags-recordsmanagement.com\/fr\/wp-json\/wp\/v2\/media?parent=987521712"}],"wp:term":[{"taxonomy":"category","embeddable":true,"href":"https:\/\/www.ags-recordsmanagement.com\/fr\/wp-json\/wp\/v2\/categories?post=987521712"},{"taxonomy":"post_tag","embeddable":true,"href":"https:\/\/www.ags-recordsmanagement.com\/fr\/wp-json\/wp\/v2\/tags?post=987521712"},{"taxonomy":"subjects","embeddable":true,"href":"https:\/\/www.ags-recordsmanagement.com\/fr\/wp-json\/wp\/v2\/subjects?post=987521712"}],"curies":[{"name":"wp","href":"https:\/\/api.w.org\/{rel}","templated":true}]}}