{"id":987523072,"date":"2026-01-08T10:09:35","date_gmt":"2026-01-08T08:09:35","guid":{"rendered":"https:\/\/www.ags-recordsmanagement.com\/fr\/news\/reforme-facturation-electronique-choisir-pa-guide-copy\/"},"modified":"2026-01-09T15:02:06","modified_gmt":"2026-01-09T13:02:06","slug":"reglementation-siv-nouvelles-obligations-professionnels-automobile","status":"publish","type":"post","link":"https:\/\/www.ags-recordsmanagement.com\/fr\/news\/reglementation-siv-nouvelles-obligations-professionnels-automobile\/","title":{"rendered":"Nouvelle r\u00e9glementation SIV : un virage majeur pour les professionnels de l\u2019automobile"},"content":{"rendered":"\r\n<p>&nbsp;<\/p>\r\n\r\n<p class=\"has-vivid-cyan-blue-color has-text-color has-link-color has-medium-font-size wp-elements-eea8dc4ac40f696f70afaedf2afc26d3\"><strong>La nouvelle r\u00e9glementation SIV, entr\u00e9e en vigueur \u00e0 l\u2019\u00e9t\u00e9 2025, bouleverse le secteur automobile. La r\u00e9forme durcit les conditions d\u2019obtention de l\u2019habilitation et impose un archivage \u00e9lectronique s\u00e9curis\u00e9 via un coffre-fort num\u00e9rique conforme, afin de renforcer la tra\u00e7abilit\u00e9 et lutter contre les fraudes.<\/strong><\/p>\r\n<p>&nbsp;<\/p>\r\n\r\n\r\n\r\n<p>Le changement est pass\u00e9 presque inaper\u00e7u. Pourtant, la nouvelle r\u00e9glementation encadrant l&rsquo;acc\u00e8s au <strong>Syst\u00e8me d&rsquo;Immatriculation des V\u00e9hicules<\/strong> (SIV) bouleverse en profondeur les r\u00e8gles du jeu pour les <strong>garagistes<\/strong>, <strong>concessionnaires<\/strong>, <strong>loueurs de v\u00e9hicules<\/strong> et <strong>prestataires de services administratifs automobiles<\/strong>.<\/p>\r\n<p>Depuis 2009, le SIV a permis \u00e0 l&rsquo;\u00c9tat de d\u00e9l\u00e9guer aux professionnels priv\u00e9s la gestion des d\u00e9marches d&rsquo;immatriculation : d\u00e9clarations de cession, demandes de cartes grises, changements d&rsquo;adresse, modifications de caract\u00e9ristiques techniques. L&rsquo;arr\u00eat\u00e9 du 1er juillet 2025, <strong>entr\u00e9 en vigueur d\u00e8s le 1er ao\u00fbt 2025<\/strong>, impose d\u00e9sormais des crit\u00e8res stricts pour obtenir ou conserver l&rsquo;acc\u00e8s au SIV. Parmi les nouvelles exigences figure notamment l&rsquo;obligation, dans certains cas, <strong>d&rsquo;archiver les dossiers d&rsquo;immatriculation<\/strong> dans un <a href=\"https:\/\/www.ags-recordsmanagement.com\/fr\/solutions-logicielles\/coffre-fort-electronique-siv\/\" target=\"_blank\" rel=\"noopener\">coffre-fort num\u00e9rique<\/a> conforme \u00e0 la norme AFNOR NF Z 42-020.<\/p>\r\n<p>&nbsp;<\/p>\r\n<h2 class=\"bpost\"><strong>Des conditions d&rsquo;habilitation SIV consid\u00e9rablement durcies<\/strong><\/h2>\r\n<p>\r\n\r\n<\/p>\r\n<p>Pour obtenir ou conserver cette habilitation, les professionnels doivent justifier de leur activit\u00e9, respecter des obligations strictes en mati\u00e8re de conservation des pi\u00e8ces justificatives, de s\u00e9curit\u00e9 des donn\u00e9es, et se soumettre \u00e0 d\u2019\u00e9ventuels contr\u00f4les. L\u2019arr\u00eat\u00e9 du 1<sup>er<\/sup> juillet vient renforcer le cadre des conditions d\u2019habilitation au Syst\u00e8me d\u2019Immatriculation des V\u00e9hicules (SIV). Seuls les professionnels remplissant des crit\u00e8res pr\u00e9cis pourront \u00eatre autoris\u00e9s \u00e0 t\u00e9l\u00e9transmettre les op\u00e9rations d\u2019immatriculation.<\/p>\r\n<p>Les nouvelles r\u00e8gles s&rsquo;appliquent imm\u00e9diatement aux <a href=\"https:\/\/www.ags-recordsmanagement.com\/fr\/secteur-automobile\/\" target=\"_blank\" rel=\"noopener\">professionnels de l\u2019automobile<\/a> demandant une habilitation pour la premi\u00e8re fois depuis le 1er ao\u00fbt 2025. Pour les professionnels d\u00e9j\u00e0 habilit\u00e9s avant cette date, une p\u00e9riode de transition d&rsquo;un an leur est accord\u00e9e : ils doivent signer un avenant \u00e0 leur convention avec la pr\u00e9fecture pour int\u00e9grer les nouvelles obligations avant le 1er ao\u00fbt 2026. Pass\u00e9 ce d\u00e9lai, leur habilitation sera suspendue puis retir\u00e9e s&rsquo;ils ne se conforment pas aux nouvelles exigences.<\/p>\r\n<p><\/p>\r\n<p>&nbsp;<\/p>\r\n<h3 class=\"wp-block-heading\" style=\"font-size: 16px;\"><strong>Les trois conditions principales pour \u00eatre habilit\u00e9<\/strong><br \/><!-- \/wp:heading --><\/h3>\r\n<p><!-- wp:paragraph --><\/p>\r\n<p>Le texte r\u00e9glementaire \u00e9tablit d\u00e9sormais <strong>trois crit\u00e8res<\/strong> cumulatifs que tout professionnel doit remplir pour obtenir ou conserver son <strong>habilitation SIV<\/strong>.<\/p>\r\n<ul>\r\n<li>Une activit\u00e9 r\u00e9elle et stable dans le secteur automobile depuis au moins un an. Le professionnel doit prouver l&rsquo;existence d&rsquo;un chiffre d&rsquo;affaires significatif, de clients r\u00e9currents, d&rsquo;une pr\u00e9sence effective sur le march\u00e9.<\/li>\r\n<li>L&rsquo;absence de condamnation p\u00e9nale pour le dirigeant et les personnes ayant acc\u00e8s au syst\u00e8me SIV. Le casier judiciaire doit \u00eatre vierge de toute condamnation incompatible avec l&rsquo;exercice de cette activit\u00e9 sensible impliquant la manipulation de donn\u00e9es personnelles et de documents officiels.<\/li>\r\n<li>La pr\u00e9sence d&rsquo;un local professionnel d\u00e9di\u00e9 et identifiable. Le professionnel doit disposer d&rsquo;un \u00e9tablissement fixe, avec une adresse physique v\u00e9rifiable, o\u00f9 il exerce effectivement son activit\u00e9 automobile. Le local doit \u00eatre adapt\u00e9 \u00e0 l&rsquo;activit\u00e9 : accueil de la client\u00e8le, stockage s\u00e9curis\u00e9 des documents, postes de travail pour les collaborateurs acc\u00e9dant au SIV. La pr\u00e9fecture peut effectuer des contr\u00f4les inopin\u00e9s pour v\u00e9rifier la r\u00e9alit\u00e9 de cette pr\u00e9sence physique.<\/li>\r\n<\/ul>\r\n<p>&nbsp;<\/p>\r\n<p><img loading=\"lazy\" decoding=\"async\" class=\"wp-image-987523076 size-full aligncenter\" src=\"\/fr\/wp-content\/uploads\/sites\/2\/2026\/01\/habilitation-nouvelle-reglementation-siv-1.jpg\" alt=\"Professionnels de l\u2019automobile : comment conserver votre habilitation ?\" width=\"800\" height=\"534\" \/><\/p>\r\n<p>&nbsp;<\/p>\r\n<h3 class=\"wp-block-heading\" style=\"font-size: 16px;\"><strong>Le volume d&rsquo;activit\u00e9 comme crit\u00e8re d&rsquo;\u00e9valuation<\/strong><br \/><!-- \/wp:heading --><\/h3>\r\n<p><!-- wp:paragraph --><\/p>\r\n<p>Au-del\u00e0 de ces trois conditions de base, le pr\u00e9fet dispose d&rsquo;un pouvoir d&rsquo;appr\u00e9ciation sur le <strong>volume d&rsquo;immatriculations<\/strong> trait\u00e9 par le professionnel. Ce crit\u00e8re vise \u00e0 garantir que l&rsquo;habilitation n&rsquo;est accord\u00e9e qu&rsquo;\u00e0 des acteurs pour lesquels cette activit\u00e9 repr\u00e9sente une part significative de leur m\u00e9tier. Un garage effectuant trois immatriculations par an ne justifie pas \u00e9conomiquement d&rsquo;une habilitation directe : il peut passer par un prestataire sp\u00e9cialis\u00e9. \u00c0 l&rsquo;inverse, un concessionnaire traitant plusieurs dizaines ou centaines d&rsquo;immatriculations mensuelles d\u00e9montre un besoin l\u00e9gitime.<\/p>\r\n<p>&nbsp;<\/p>\r\n<h3 class=\"wp-block-heading\" style=\"font-size: 16px;\"><strong>Les professionnels concern\u00e9s par cette habilitation<\/strong><!-- \/wp:heading --><\/h3>\r\n<p>Cette habilitation concerne un large r\u00e9seau de professionnels de l\u2019automobile, dont des garagistes, des concessionnaires ou encore des loueurs de v\u00e9hicules ou des entreprises de d\u00e9molition. Les prestataires de services \u201ccarte grise\u201d (bureaux carte grise, mandataires) peuvent aussi \u00eatre habilit\u00e9s, s\u2019ils remplissent les nouvelles conditions.<\/p>\r\n<p>D\u2019autres acteurs risquent de se voir exclure s\u2019ils n\u2019entreprennent pas les d\u00e9marches de mise en r\u00e8gle dans les temps. Une mani\u00e8re pour l\u2019\u00c9tat de resserrer le secteur avec des professionnels l\u00e9gitimes. Pour les professionnels, cette nouvelle r\u00e9glementation peut repr\u00e9senter un avantage concurrentiel, une mont\u00e9e en gamme des exigences, et apporter un cadre plus fiable et transparent, ce qui prot\u00e8ge contre les abus et les litiges. L\u2019acc\u00e8s direct au SIV devient un levier de satisfaction client et un gage de qualit\u00e9 pour l\u2019ensemble des d\u00e9marches.<\/p>\r\n<p>&nbsp;<\/p>\r\n<h2 class=\"bpost\"><strong>L&rsquo;archivage \u00e9lectronique obligatoire des dossiers d&rsquo;immatriculation pour renforcer la s\u00e9curit\u00e9 et la tra\u00e7abilit\u00e9 <\/strong><!-- \/wp:heading --><\/h2>\r\n<p><!-- wp:paragraph --><\/p>\r\n<p>La nouvelle r\u00e9glementation impose d\u00e9sormais aux professionnels habilit\u00e9s de conserver l&rsquo;int\u00e9gralit\u00e9 du dossier d&rsquo;immatriculation pendant une <strong>dur\u00e9e minimale de cinq ans<\/strong>. Ce dossier comprend tous les justificatifs ayant servi \u00e0 l&rsquo;op\u00e9ration d&rsquo;immatriculation : certificats de cession ou de vente, certificats de conformit\u00e9 pour les v\u00e9hicules neufs, pi\u00e8ces d&rsquo;identit\u00e9 des parties, justificatifs de domicile, procurations \u00e9ventuelles, contr\u00f4les techniques en cours de validit\u00e9, quitus fiscaux pour les v\u00e9hicules import\u00e9s.<\/p>\r\n<p>L\u2019objectif de la nouvelle r\u00e9glementation est de <strong>renforcer la s\u00e9curit\u00e9<\/strong>, <strong>l\u2019int\u00e9grit\u00e9<\/strong> et <strong>l\u2019authenticit\u00e9 des documents<\/strong>, <strong>la tra\u00e7abilit\u00e9 des op\u00e9rations<\/strong> et la lutte contre les fraudes \u00e0 l\u2019immatriculation de plus en plus r\u00e9pandue. L\u2019administration peut alors acc\u00e9der \u00e0 distance aux archives en cas de contr\u00f4le.<\/p>\r\n<p>\u00c0 l&rsquo;issue de ce d\u00e9lai de conservation, le professionnel doit imp\u00e9rativement d\u00e9truire les dossiers de mani\u00e8re s\u00e9curis\u00e9e pour respecter les <a href=\"https:\/\/www.ags-recordsmanagement.com\/fr\/audit-documentaire-conseil-archivage\/audit-rgpd-dpo-externalise\/\" target=\"_blank\" rel=\"noopener\">obligations du RGPD<\/a> concernant les donn\u00e9es personnelles. La conservation au-del\u00e0 de la dur\u00e9e l\u00e9gale constitue une infraction au r\u00e8glement sur la protection des donn\u00e9es. Cette destruction doit elle-m\u00eame \u00eatre trac\u00e9e et document\u00e9e pour prouver le respect des obligations r\u00e9glementaires.<\/p>\r\n<p>&nbsp;<\/p>\r\n<h3 class=\"wp-block-heading\" style=\"font-size: 16px;\"><strong>Le r\u00f4le cl\u00e9 de la tra\u00e7abilit\u00e9 et de l&rsquo;accessibilit\u00e9<\/strong><!-- \/wp:heading --><\/h3>\r\n<p><!-- wp:paragraph --><\/p>\r\n<p>L&rsquo;objectif de cette exigence d&rsquo;<a href=\"https:\/\/www.ags-recordsmanagement.com\/fr\/archivage-electronique\/\" target=\"_blank\" rel=\"noopener\">archivage \u00e9lectronique<\/a> vise \u00e0 garantir une tra\u00e7abilit\u00e9 compl\u00e8te de chaque op\u00e9ration d&rsquo;immatriculation, permettant \u00e0 l&rsquo;administration de reconstituer pr\u00e9cis\u00e9ment le d\u00e9roulement de n&rsquo;importe quelle transaction, potentiellement des ann\u00e9es apr\u00e8s sa r\u00e9alisation.<\/p>\r\n<p><strong>L&rsquo;accessibilit\u00e9 des archives<\/strong> constitue l&rsquo;autre dimension essentielle. L&rsquo;administration doit pouvoir acc\u00e9der rapidement aux dossiers archiv\u00e9s en cas de contr\u00f4le, d&rsquo;enqu\u00eate ou de contentieux. Un professionnel incapable de fournir un dossier complet dans un d\u00e9lai raisonnable se trouve en situation de non-conformit\u00e9, avec les cons\u00e9quences que cela implique pour son habilitation. Cette exigence impose donc non seulement de conserver les documents, mais de les organiser de mani\u00e8re \u00e0 pouvoir les retrouver et les restituer instantan\u00e9ment.<\/p>\r\n<p>&nbsp;<\/p>\r\n<h3 class=\"wp-block-heading\" style=\"font-size: 16px;\"><strong>Les sanctions en cas de non-conformit\u00e9<\/strong><br \/><!-- \/wp:heading --><\/h3>\r\n<p><!-- wp:paragraph --><\/p>\r\n<p>Le texte r\u00e9glementaire d\u00e9finit clairement les cons\u00e9quences d&rsquo;un manquement aux obligations d&rsquo;archivage. L&rsquo;absence de <strong>syst\u00e8me de conservation conforme<\/strong>, la perte ou la destruction pr\u00e9matur\u00e9e de dossiers, l&rsquo;impossibilit\u00e9 de restituer un dossier complet lors d&rsquo;un contr\u00f4le, la d\u00e9tection de modifications non signal\u00e9es dans les documents archiv\u00e9s, ou toute forme de n\u00e9gligence grave dans la <strong>gestion documentaire<\/strong> peuvent entra\u00eener la suspension imm\u00e9diate de l&rsquo;habilitation. Cette suspension prive le professionnel de sa capacit\u00e9 \u00e0 effectuer des t\u00e9l\u00e9transmissions au SIV, paralysant son activit\u00e9 et celle de ses clients.<\/p>\r\n<p>&nbsp;<\/p>\r\n<h3 class=\"wp-block-heading\" style=\"font-size: 16px;\"><strong>S\u2019\u00e9quiper d\u2019un coffre-fort num\u00e9rique : une obligation technique pr\u00e9cise <\/strong><br \/><!-- \/wp:heading --><\/h3>\r\n<p><!-- wp:paragraph --><\/p>\r\n<p>La nouvelle r\u00e9glementation ne se contente pas d&rsquo;imposer un archivage \u00e9lectronique g\u00e9n\u00e9rique : elle exige explicitement l&rsquo;utilisation d&rsquo;un <strong>coffre-fort num\u00e9rique<\/strong> conforme \u00e0 la norme <a href=\"https:\/\/www.ags-recordsmanagement.com\/fr\/notre-metier\/nos-certifications\/\" target=\"_blank\" rel=\"noopener\">NF Z 42-020<\/a>. Ce r\u00e9f\u00e9rentiel technique d\u00e9finit pr\u00e9cis\u00e9ment les sp\u00e9cifications fonctionnelles et les exigences de s\u00e9curit\u00e9 que doit respecter un <strong>syst\u00e8me de conservation num\u00e9rique<\/strong> pour garantir l&rsquo;int\u00e9grit\u00e9, la tra\u00e7abilit\u00e9 et la p\u00e9rennit\u00e9 des documents archiv\u00e9s.<\/p>\r\n<p>&nbsp;<\/p>\r\n<p><a href=\"https:\/\/www.ags-recordsmanagement.com\/fr\/solutions-logicielles\/coffre-fort-electronique-siv\/\" target=\"_blank\" rel=\"noopener\"><img loading=\"lazy\" decoding=\"async\" class=\"aligncenter wp-image-987523075\" src=\"\/fr\/wp-content\/uploads\/sites\/2\/2026\/01\/coffre-fort-electronique.jpg\" alt=\"\" width=\"1024\" height=\"400\" srcset=\"https:\/\/www.ags-recordsmanagement.com\/fr\/wp-content\/uploads\/sites\/2\/2026\/01\/coffre-fort-electronique.jpg 604w, https:\/\/www.ags-recordsmanagement.com\/fr\/wp-content\/uploads\/sites\/2\/2026\/01\/coffre-fort-electronique-300x117.jpg 300w, https:\/\/www.ags-recordsmanagement.com\/fr\/wp-content\/uploads\/sites\/2\/2026\/01\/coffre-fort-electronique-480x188.jpg 480w\" sizes=\"(max-width: 1024px) 100vw, 1024px\" \/><\/a><\/p>\r\n<p>&nbsp;<\/p>\r\n<p>Un coffre-fort num\u00e9rique constitue un <strong>espace de stockage s\u00e9curis\u00e9 et contr\u00f4l\u00e9<\/strong>, sp\u00e9cifiquement d\u00e9di\u00e9 \u00e0 la <strong>conservation probante<\/strong> de documents ayant une <strong>valeur l\u00e9gale<\/strong>. Sa conception privil\u00e9gie la s\u00e9curit\u00e9, l&rsquo;inalt\u00e9rabilit\u00e9 et la tra\u00e7abilit\u00e9 plut\u00f4t que la facilit\u00e9 d&rsquo;acc\u00e8s et de manipulation. Une fois un document d\u00e9pos\u00e9 dans le coffre-fort, il devient immuable : aucune modification n&rsquo;est possible, seule la consultation est autoris\u00e9e pour les personnes habilit\u00e9es.<\/p>\r\n<p>&nbsp;<\/p>\r\n<h3 class=\"wp-block-heading\" style=\"font-size: 16px;\"><strong>Les fonctionnalit\u00e9s techniques indispensables<\/strong><br \/><!-- \/wp:heading --><\/h3>\r\n<p><!-- wp:paragraph --><\/p>\r\n<p>Pour \u00eatre conforme \u00e0 la norme NF Z 42-020 pour <strong>l&rsquo;archivage des dossiers SIV<\/strong>, le coffre-fort num\u00e9rique doit obligatoirement int\u00e9grer plusieurs fonctionnalit\u00e9s techniques pr\u00e9cises.<\/p>\r\n<ul>\r\n<li><strong>L&rsquo;horodatage qualifi\u00e9<\/strong> certifie la date et l&rsquo;heure exactes du d\u00e9p\u00f4t de chaque document, rendant impossible toute antidatation.<\/li>\r\n<li>La <a href=\"https:\/\/www.ags-recordsmanagement.com\/fr\/solutions-logicielles\/signature-electronique\/\" target=\"_blank\" rel=\"noopener\">signature \u00e9lectronique<\/a> des documents garantit leur int\u00e9grit\u00e9 et l&rsquo;identit\u00e9 de la personne ayant d\u00e9pos\u00e9 le document.<\/li>\r\n<li>Le <strong>contr\u00f4le d&rsquo;acc\u00e8s s\u00e9curis\u00e9<\/strong> permet de d\u00e9finir pr\u00e9cis\u00e9ment qui peut consulter quels documents.<\/li>\r\n<li>La <strong>sauvegarde redondante<\/strong> garantit la disponibilit\u00e9 des donn\u00e9es m\u00eame en cas d&rsquo;incident technique.<\/li>\r\n<\/ul>\r\n<p>&nbsp;<\/p>\r\n<h3 class=\"wp-block-heading\" style=\"font-size: 16px;\"><strong>L&rsquo;acc\u00e8s \u00e0 distance s\u00e9curis\u00e9 pour l&rsquo;administration<\/strong><br \/><!-- \/wp:heading --><\/h3>\r\n<p><!-- wp:paragraph --><\/p>\r\n<p>Une exigence particuli\u00e8re de la nouvelle r\u00e9glementation SIV concerne la <strong>capacit\u00e9 de l&rsquo;administration \u00e0 acc\u00e9der \u00e0 distance aux archives<\/strong> en cas de contr\u00f4le. Concr\u00e8tement, lors d&rsquo;une inspection ou d&rsquo;une enqu\u00eate, les services pr\u00e9fectoraux ou les forces de l&rsquo;ordre doivent pouvoir <strong>consulter les dossiers archiv\u00e9s<\/strong> sans se d\u00e9placer physiquement dans les locaux du professionnel. Cette fonctionnalit\u00e9 d&rsquo;acc\u00e8s distant s\u00e9curis\u00e9 doit donc \u00eatre int\u00e9gr\u00e9e au coffre-fort num\u00e9rique.<\/p>\r\n<p>&nbsp;<\/p>\r\n<h2 class=\"bpost\"><strong>WiDOSIV : une solution cl\u00e9 en main adapt\u00e9e aux professionnels de l&rsquo;automobile<\/strong><!-- \/wp:heading --><\/h2>\r\n<p><!-- wp:paragraph --><\/p>\r\n<p>Notre solution r\u00e9pond int\u00e9gralement aux exigences de la norme AFNOR NF Z 42-020, garantissant la conformit\u00e9 totale avec la nouvelle r\u00e9glementation SIV. V\u00e9ritable <strong>syst\u00e8me d&rsquo;archivage probant<\/strong>, notre coffre-fort \u00e9lectronique SIV int\u00e8gre toutes les fonctionnalit\u00e9s techniques indispensables : horodatage qualifi\u00e9 de chaque d\u00e9p\u00f4t, signature \u00e9lectronique garantissant l&rsquo;int\u00e9grit\u00e9 des documents, chiffrement des donn\u00e9es sensibles, contr\u00f4le d&rsquo;acc\u00e8s granulaire, tra\u00e7abilit\u00e9 exhaustive de toutes les op\u00e9rations, et sauvegarde redondante assurant la disponibilit\u00e9 permanente de vos archives. Nous vous accompagnons \u00e0 chaque \u00e9tape de votre projet de mise en conformit\u00e9 SIV.<\/p>\r\n<p>La r\u00e9forme de 2025 sur l\u2019habilitation SIV marque une \u00e9tape majeure : l\u2019entr\u00e9e dans l\u2019\u00e8re du tout num\u00e9rique s\u00e9curis\u00e9, avec un cadre plus exigeant, mais aussi plus protecteur.<\/p>\r\n<p>&nbsp;<\/p>\r\n<p><strong>Vous \u00eates garagiste, concessionnaire, loueur de v\u00e9hicules ou professionnel de la carte grise ?<\/strong> Ne laissez pas la nouvelle r\u00e9glementation SIV compromettre votre habilitation et votre activit\u00e9.<\/p>\r\n<div class=\"has-text-align-center\">\r\n<div class=\"wp-block-button\"><a class=\"wp-block-button__link has-white-color has-text-color has-background has-link-color has-text-align-center wp-element-button\" style=\"background-color: #aa1111;\" href=\"https:\/\/www.ags-recordsmanagement.com\/fr\/contactez-nous\/\" target=\"_blank\" rel=\"noopener\">Contactez d\u00e8s maintenant nos experts.<\/a><\/div>\r\n<\/div>\r\n<p>&nbsp;<\/p>\r\n<p><!-- \/wp:paragraph --><\/p>","protected":false},"excerpt":{"rendered":"<p>&nbsp; La nouvelle r\u00e9glementation SIV, entr\u00e9e en vigueur \u00e0 l\u2019\u00e9t\u00e9 2025, bouleverse le secteur automobile. La r\u00e9forme durcit les conditions d\u2019obtention de l\u2019habilitation et impose un archivage \u00e9lectronique s\u00e9curis\u00e9 via un coffre-fort num\u00e9rique conforme, afin de renforcer la tra\u00e7abilit\u00e9 et lutter contre les fraudes. &nbsp; Le changement est pass\u00e9 presque inaper\u00e7u. Pourtant, la nouvelle r\u00e9glementation [&hellip;]<\/p>\n","protected":false},"author":9,"featured_media":987523085,"comment_status":"closed","ping_status":"open","sticky":false,"template":"","format":"standard","meta":{"_acf_changed":false,"_et_pb_use_builder":"off","_et_pb_old_content":"","_et_gb_content_width":"","footnotes":""},"categories":[1103,1119],"tags":[],"subjects":[],"class_list":["post-987523072","post","type-post","status-publish","format-standard","has-post-thumbnail","hentry","category-archivage","category-digitalisation"],"acf":[],"_links":{"self":[{"href":"https:\/\/www.ags-recordsmanagement.com\/fr\/wp-json\/wp\/v2\/posts\/987523072"}],"collection":[{"href":"https:\/\/www.ags-recordsmanagement.com\/fr\/wp-json\/wp\/v2\/posts"}],"about":[{"href":"https:\/\/www.ags-recordsmanagement.com\/fr\/wp-json\/wp\/v2\/types\/post"}],"author":[{"embeddable":true,"href":"https:\/\/www.ags-recordsmanagement.com\/fr\/wp-json\/wp\/v2\/users\/9"}],"replies":[{"embeddable":true,"href":"https:\/\/www.ags-recordsmanagement.com\/fr\/wp-json\/wp\/v2\/comments?post=987523072"}],"version-history":[{"count":12,"href":"https:\/\/www.ags-recordsmanagement.com\/fr\/wp-json\/wp\/v2\/posts\/987523072\/revisions"}],"predecessor-version":[{"id":987523139,"href":"https:\/\/www.ags-recordsmanagement.com\/fr\/wp-json\/wp\/v2\/posts\/987523072\/revisions\/987523139"}],"wp:featuredmedia":[{"embeddable":true,"href":"https:\/\/www.ags-recordsmanagement.com\/fr\/wp-json\/wp\/v2\/media\/987523085"}],"wp:attachment":[{"href":"https:\/\/www.ags-recordsmanagement.com\/fr\/wp-json\/wp\/v2\/media?parent=987523072"}],"wp:term":[{"taxonomy":"category","embeddable":true,"href":"https:\/\/www.ags-recordsmanagement.com\/fr\/wp-json\/wp\/v2\/categories?post=987523072"},{"taxonomy":"post_tag","embeddable":true,"href":"https:\/\/www.ags-recordsmanagement.com\/fr\/wp-json\/wp\/v2\/tags?post=987523072"},{"taxonomy":"subjects","embeddable":true,"href":"https:\/\/www.ags-recordsmanagement.com\/fr\/wp-json\/wp\/v2\/subjects?post=987523072"}],"curies":[{"name":"wp","href":"https:\/\/api.w.org\/{rel}","templated":true}]}}