{"id":987523918,"date":"2026-02-13T11:21:53","date_gmt":"2026-02-13T09:21:53","guid":{"rendered":"https:\/\/www.ags-recordsmanagement.com\/fr\/news\/facturation-electronique-obligatoire-2026-diagnostic-audit-conformite-copy\/"},"modified":"2026-02-13T11:23:34","modified_gmt":"2026-02-13T09:23:34","slug":"facturation-electronique-transition-plateforme-agreee-webinar","status":"publish","type":"post","link":"https:\/\/www.ags-recordsmanagement.com\/fr\/news\/facturation-electronique-transition-plateforme-agreee-webinar\/","title":{"rendered":"Webinar Facturation \u00c9lectronique : r\u00e9ussir votre transition avec une Plateforme Agr\u00e9\u00e9e adapt\u00e9e \u00e0 vos besoins"},"content":{"rendered":"<p style=\"color: var(--wp--preset--color--vivid-cyan-blue) !important; font-size: 20px; line-height: 26px;\"><strong>Dans moins de six mois, le 1er septembre 2026 marquera un tournant majeur pour toutes les entreprises fran\u00e7aises assujetties \u00e0 la TVA : la <a href=\"https:\/\/www.ags-recordsmanagement.com\/fr\/news\/facturation-electronique-obligatoire-2026-diagnostic-audit-conformite\/\" target=\"_blank\" rel=\"noopener\">facturation \u00e9lectronique<\/a> devient obligatoire. Cette transformation r\u00e9glementaire, loin d&rsquo;\u00eatre une simple contrainte administrative, repr\u00e9sente une opportunit\u00e9 unique de repenser profond\u00e9ment vos processus financiers pour gagner en efficacit\u00e9, en fiabilit\u00e9 et en performance.<\/strong><\/p>\n<p>Mais face \u00e0 cette \u00e9ch\u00e9ance qui approche rapidement, de nombreuses questions l\u00e9gitimes se posent : par o\u00f9 commencer concr\u00e8tement ? Comment identifier les impacts r\u00e9els sur vos processus actuels de facturation ? Quelle <a href=\"https:\/\/www.ags-recordsmanagement.com\/fr\/reforme-facturation-electronique\/plateforme-pa-e-facturation\/\" target=\"_blank\" rel=\"noopener\">Plateforme Agr\u00e9\u00e9e<\/a> (PA) choisir parmi les centaines disponibles sur le march\u00e9 ? Comment garantir votre conformit\u00e9 tout en optimisant vos flux documentaires ? Quels sont les pi\u00e8ges \u00e0 \u00e9viter et les points de vigilance \u00e0 surveiller ?<\/p>\n<p>&nbsp;<\/p>\n<h2 class=\"wp-block-heading\"><strong>Un webinar 100 % op\u00e9rationnel pour transformer la contrainte en levier de performance<\/strong><\/h2>\n<p>Organis\u00e9 par les experts AGS Records Management, ce webinar est con\u00e7u pour vous permettre de <strong>piloter efficacement votre transition vers la facturation \u00e9lectronique<\/strong>, avec une approche pragmatique et concr\u00e8te.<\/p>\n<h3 class=\"wp-block-heading\" style=\"font-size: 16px;\"><strong>\ud83c\udfaf Objectifs du webinar<\/strong><\/h3>\n<ul>\n<li>Comprendre <strong>les impacts directs<\/strong> de la r\u00e9forme sur vos processus financiers<\/li>\n<li>Identifier vos <strong>cas d\u2019usage sp\u00e9cifiques<\/strong> et leur niveau de criticit\u00e9<\/li>\n<li>D\u00e9finir les <a href=\"https:\/\/www.ags-recordsmanagement.com\/fr\/reforme-facturation-electronique\/plateforme-pa-e-facturation\/\" target=\"_blank\" rel=\"noopener\"><strong>bons crit\u00e8res de choix<\/strong><\/a> d\u2019une Plateforme Agr\u00e9\u00e9e<\/li>\n<li>Cartographier les <strong>points de vigilance<\/strong> pour s\u00e9curiser votre conformit\u00e9<\/li>\n<li>B\u00e9n\u00e9ficier d\u2019une <strong>session de Questions\/R\u00e9ponses<\/strong> avec des experts m\u00e9tie<\/li>\n<\/ul>\n<h3 class=\"wp-block-heading\" style=\"font-size: 16px;\"><strong>\ud83d\udcc5 Informations pratiques<\/strong><\/h3>\n<ul>\n<li><strong>Date<\/strong> : Jeudi 12 mars 2026<\/li>\n<li><strong>Horaire<\/strong> : 11h00<\/li>\n<li><strong>Dur\u00e9e<\/strong> : 1 heure<\/li>\n<li><strong>Format<\/strong> : Webinar en ligne \u2013 inscription gratuite<\/li>\n<\/ul>\n<p>&nbsp;<\/p>\n<div class=\"has-text-align-center\">\n<div class=\"wp-block-button\"><a class=\"wp-block-button__link has-white-color has-text-color has-background has-link-color has-text-align-center wp-element-button\" style=\"background-color: #aa1111;\" href=\"https:\/\/26818911.hs-sites-eu1.com\/webinar-agsrm-widofact\" target=\"_blank\" rel=\"noopener\">Je m&rsquo;inscris au webinar gratuit<\/a><\/div>\n<\/div>\n<p>&nbsp;<\/p>\n<p>&nbsp;<\/p>\n<figure class=\"wp-block-image size-full\"><a href=\"https:\/\/26818911.hs-sites-eu1.com\/webinar-agsrm-widofact\" target=\"_blank\" rel=\"noopener\"><img loading=\"lazy\" decoding=\"async\" class=\"alignnone wp-image-987521361\" src=\"\/fr\/wp-content\/uploads\/sites\/2\/2026\/02\/webinar-reussir-transition-PA.jpg\" alt=\"\" width=\"1582\" height=\"618\" \/><\/a><\/figure>\n<p>&nbsp;<\/p>\n<p>&nbsp;<\/p>\n<h2 class=\"wp-block-heading\"><strong>Facturation \u00e9lectronique : une r\u00e9forme aux impacts concrets pour votre organisation<\/strong><\/h2>\n<p>La mise en place de la facturation \u00e9lectronique ne se limite pas \u00e0 un simple changement de format. Elle impacte directement :<\/p>\n<p>\u2192 Vos processus de facturation clients et fournisseurs<\/p>\n<p>\u2192 La circulation des donn\u00e9es financi\u00e8res<\/p>\n<p>\u2192 La gestion des obligations fiscales et d\u00e9claratives<\/p>\n<p>\u2192 Les interactions avec vos outils comptables et ERP<\/p>\n<p>\u2192 La gouvernance documentaire et l\u2019archivage \u00e0 valeur probante<\/p>\n<p>Chaque entreprise poss\u00e8de des cas d\u2019usage sp\u00e9cifiques, plus ou moins critiques selon son secteur, son volume de factures ou son organisation interne. <strong>Anticiper ces impacts<\/strong> est indispensable pour \u00e9viter toute rupture op\u00e9rationnelle.<\/p>\n<p>&nbsp;<\/p>\n<h2 class=\"wp-block-heading\"><strong>Un accompagnement par des experts pour s\u00e9curiser votre transition<\/strong><\/h2>\n<p>Ce webinar a \u00e9t\u00e9 sp\u00e9cifiquement con\u00e7u par nos experts AGS Records Management pour vous accompagner concr\u00e8tement dans la <strong>ma\u00eetrise de votre conformit\u00e9<\/strong>, avec une approche r\u00e9solument op\u00e9rationnelle et pragmatique. Nous ne vous pr\u00e9senterons pas une solution technique standardis\u00e9e \u00e0 appliquer m\u00e9caniquement, mais une m\u00e9thodologie \u00e9prouv\u00e9e d&rsquo;analyse de vos besoins sp\u00e9cifiques et de construction d&rsquo;une strat\u00e9gie de transition sur mesure parfaitement adapt\u00e9e \u00e0 votre contexte.<\/p>\n<p>L&rsquo;objectif est de vous permettre, \u00e0 l&rsquo;issue de ce webinar, de disposer d&rsquo;une vision claire des actions imm\u00e9diates \u00e0 mettre en place dans votre organisation pour avancer sereinement vers la conformit\u00e9. Vous comprendrez comment bien choisir votre Plateforme Agr\u00e9\u00e9e en vous appuyant sur les bons crit\u00e8res de d\u00e9cision plut\u00f4t que sur des arguments commerciaux s\u00e9duisants mais non-pertinents. Vous analyserez des cas pratiques concrets, permettant de transposer imm\u00e9diatement les enseignements \u00e0 votre propre situation. Vous identifierez pr\u00e9cis\u00e9ment les points de vigilance critiques pour s\u00e9curiser votre conformit\u00e9.<\/p>\n<p>Une session d\u00e9di\u00e9e de questions-r\u00e9ponses vous permettra d&rsquo;interroger directement nos experts sur vos probl\u00e9matiques sp\u00e9cifiques et d&rsquo;obtenir des r\u00e9ponses personnalis\u00e9es adapt\u00e9es \u00e0 votre contexte particulier.<\/p>\n<p>Pr\u00e9parez vos questions en amont : nos sp\u00e9cialistes sont l\u00e0 pour vous apporter l&rsquo;\u00e9clairage et les conseils dont vous avez besoin pour avancer en confiance.<\/p>\n<p>&nbsp;<\/p>\n<h2 class=\"wp-block-heading\"><strong>Programme : une heure pour ma\u00eetriser votre transition vers la facturation \u00e9lectronique<\/strong><\/h2>\n<h3 class=\"wp-block-heading\" style=\"font-size: 16px;\"><strong>\u27a1\ufe0f Identifier les impacts directs sur vos processus de facturation<\/strong><\/h3>\n<p>La premi\u00e8re \u00e9tape essentielle consiste \u00e0 comprendre pr\u00e9cis\u00e9ment comment la r\u00e9forme impactera vos processus actuels de facturation.<\/p>\n<p>Vos syst\u00e8mes informatiques sont-ils compatibles avec les formats de facturation \u00e9lectronique r\u00e9glementaires (Factur-X, UBL, CII) ? Votre ERP peut-il se connecter \u00e0 une Plateforme Agr\u00e9\u00e9e via API ? Votre logiciel de comptabilit\u00e9 sait-il traiter automatiquement les factures \u00e9lectroniques<\/p>\n<p>structur\u00e9es ? Ces questions techniques, souvent sous-estim\u00e9es, conditionnent directement le succ\u00e8s de votre transition et n\u00e9cessitent d&rsquo;\u00eatre trait\u00e9es en amont.<\/p>\n<p>Au-del\u00e0 de la technique, quels changements organisationnels la r\u00e9forme impose-t-elle ? Les circuits de validation doivent-ils \u00eatre repens\u00e9s ? Les contr\u00f4les de coh\u00e9rence peuvent-ils \u00eatre automatis\u00e9s ? Les d\u00e9lais de traitement peuvent-ils \u00eatre raccourcis gr\u00e2ce \u00e0 la d\u00e9mat\u00e9rialisation compl\u00e8te ? Cette r\u00e9flexion organisationnelle transforme la contrainte r\u00e9glementaire en opportunit\u00e9 d&rsquo;am\u00e9lioration.<\/p>\n<h3 class=\"wp-block-heading\" style=\"font-size: 16px;\"><strong>\u27a1\ufe0f Ma\u00eetriser vos cas d&rsquo;usage sp\u00e9cifiques<\/strong><\/h3>\n<p>Factures de vente standard \u00e0 des clients professionnels fran\u00e7ais, factures export vers l&rsquo;international, factures de prestations de services complexes, factures d&rsquo;abonnements r\u00e9currents, avoirs et factures d&rsquo;annulation, factures intra-groupes&#8230; Chaque type de facture peut n\u00e9cessiter un traitement sp\u00e9cifique et pr\u00e9sente des enjeux diff\u00e9rents en termes de conformit\u00e9 et d&rsquo;automatisation.<\/p>\n<h3 class=\"wp-block-heading\" style=\"font-size: 16px;\"><strong>\u27a1\ufe0f Choisir votre Plateforme Agr\u00e9\u00e9e avec les bons crit\u00e8res<\/strong><\/h3>\n<p>Le choix de votre Plateforme Agr\u00e9\u00e9e constitue une d\u00e9cision strat\u00e9gique qui conditionnera votre efficacit\u00e9 op\u00e9rationnelle pour les ann\u00e9es \u00e0 venir. Face \u00e0 plus d&rsquo;une centaine de plateformes pr\u00e9-immatricul\u00e9es sur le march\u00e9, comment identifier celle qui correspond r\u00e9ellement \u00e0 vos besoins plut\u00f4t qu&rsquo;\u00e0 celle qui dispose du meilleur argumentaire commercial ?<\/p>\n<p>La plateforme g\u00e8re-t-elle \u00e0 la fois l&rsquo;\u00e9mission ET la r\u00e9ception de factures de mani\u00e8re bidirectionnelle ? Couvre-t-elle tous vos flux : factures clients, factures fournisseurs, factures intra-groupe, factures export\/import ? Propose-t-elle les services \u00e0 valeur ajout\u00e9e essentiels comme le rapprochement automatique des factures, l&rsquo;assignation comptable intelligente, les workflows de validation configurables, les tableaux de bord et indicateurs de pilotage ?<\/p>\n<p>Quel niveau d&rsquo;accompagnement le prestataire propose-t-il : formation initiale, conduite du changement, support technique r\u00e9actif ? Quelle est sa m\u00e9thodologie d&rsquo;impl\u00e9mentation ? Dispose-t-il d&rsquo;une expertise reconnue dans votre secteur d&rsquo;activit\u00e9 ? La qualit\u00e9 de l&rsquo;accompagnement fait souvent la diff\u00e9rence entre un projet r\u00e9ussi et un \u00e9chec co\u00fbteux.<\/p>\n<h3 class=\"wp-block-heading\" style=\"font-size: 16px;\"><strong>\u27a1\ufe0f Cartographier les points de vigilance pour garantir votre conformit\u00e9<\/strong><\/h3>\n<p>Au-del\u00e0 du choix de la plateforme, plusieurs points de vigilance doivent \u00eatre surveill\u00e9s attentivement pour garantir une mise en conformit\u00e9 r\u00e9ussie.<\/p>\n<p>Vos bases clients et fournisseurs sont-elles compl\u00e8tes, \u00e0 jour et conformes aux standards d&rsquo;identification administrative (SIREN, SIRET, num\u00e9ro TVA intracommunautaire) ? Des donn\u00e9es incompl\u00e8tes ou erron\u00e9es peuvent bloquer l&rsquo;\u00e9mission ou la r\u00e9ception de factures \u00e9lectroniques et g\u00e9n\u00e9rer des rejets par l&rsquo;administration fiscale.<\/p>\n<p>Les factures \u00e9lectroniques doivent \u00eatre archiv\u00e9es de mani\u00e8re probante pendant au moins dix ans pour les besoins fiscaux. Votre solution d&rsquo;archivage respecte-t-elle les normes en vigueur (NF 461) ? Garantit-elle l&rsquo;int\u00e9grit\u00e9, la p\u00e9rennit\u00e9 et la restitution fiable des factures pendant toute cette dur\u00e9e ? Un archivage d\u00e9faillant peut invalider vos factures et compromettre vos droits en cas de contr\u00f4le fiscal.<\/p>\n<p>Qui pilote le projet de mise en conformit\u00e9 dans votre entreprise ? Les responsabilit\u00e9s sont-elles clairement d\u00e9finies entre direction financi\u00e8re, DSI, m\u00e9tiers ? Un comit\u00e9 de pilotage<\/p>\n<p>r\u00e9gulier assure-t-il le suivi et l&rsquo;arbitrage des d\u00e9cisions ? Cette gouvernance structur\u00e9e conditionne largement la r\u00e9ussite du projet.<\/p>\n<p>&nbsp;<\/p>\n<div class=\"has-text-align-center\">\n<div class=\"wp-block-button\"><a class=\"wp-block-button__link has-white-color has-text-color has-background has-link-color has-text-align-center wp-element-button\" style=\"background-color: #aa1111;\" href=\"https:\/\/26818911.hs-sites-eu1.com\/webinar-agsrm-widofact\" target=\"_blank\" rel=\"noopener\">Je m&rsquo;inscris au webinar gratuit<\/a><\/div>\n<\/div>\n<p>&nbsp;<\/p>\n<p><!-- \/wp:heading --><\/p>\n","protected":false},"excerpt":{"rendered":"<p>Dans moins de six mois, le 1er septembre 2026 marquera un tournant majeur pour toutes les entreprises fran\u00e7aises assujetties \u00e0 la TVA : la facturation \u00e9lectronique devient obligatoire. Cette transformation r\u00e9glementaire, loin d&rsquo;\u00eatre une simple contrainte administrative, repr\u00e9sente une opportunit\u00e9 unique de repenser profond\u00e9ment vos processus financiers pour gagner en efficacit\u00e9, en fiabilit\u00e9 et en [&hellip;]<\/p>\n","protected":false},"author":5,"featured_media":987523917,"comment_status":"closed","ping_status":"open","sticky":false,"template":"","format":"standard","meta":{"_acf_changed":false,"_et_pb_use_builder":"off","_et_pb_old_content":"","_et_gb_content_width":"","footnotes":""},"categories":[1141,1242,1139],"tags":[],"subjects":[],"class_list":["post-987523918","post","type-post","status-publish","format-standard","has-post-thumbnail","hentry","category-evenement","category-facturation-electronique","category-paroles-dexperts"],"acf":[],"_links":{"self":[{"href":"https:\/\/www.ags-recordsmanagement.com\/fr\/wp-json\/wp\/v2\/posts\/987523918"}],"collection":[{"href":"https:\/\/www.ags-recordsmanagement.com\/fr\/wp-json\/wp\/v2\/posts"}],"about":[{"href":"https:\/\/www.ags-recordsmanagement.com\/fr\/wp-json\/wp\/v2\/types\/post"}],"author":[{"embeddable":true,"href":"https:\/\/www.ags-recordsmanagement.com\/fr\/wp-json\/wp\/v2\/users\/5"}],"replies":[{"embeddable":true,"href":"https:\/\/www.ags-recordsmanagement.com\/fr\/wp-json\/wp\/v2\/comments?post=987523918"}],"version-history":[{"count":1,"href":"https:\/\/www.ags-recordsmanagement.com\/fr\/wp-json\/wp\/v2\/posts\/987523918\/revisions"}],"predecessor-version":[{"id":987523919,"href":"https:\/\/www.ags-recordsmanagement.com\/fr\/wp-json\/wp\/v2\/posts\/987523918\/revisions\/987523919"}],"wp:featuredmedia":[{"embeddable":true,"href":"https:\/\/www.ags-recordsmanagement.com\/fr\/wp-json\/wp\/v2\/media\/987523917"}],"wp:attachment":[{"href":"https:\/\/www.ags-recordsmanagement.com\/fr\/wp-json\/wp\/v2\/media?parent=987523918"}],"wp:term":[{"taxonomy":"category","embeddable":true,"href":"https:\/\/www.ags-recordsmanagement.com\/fr\/wp-json\/wp\/v2\/categories?post=987523918"},{"taxonomy":"post_tag","embeddable":true,"href":"https:\/\/www.ags-recordsmanagement.com\/fr\/wp-json\/wp\/v2\/tags?post=987523918"},{"taxonomy":"subjects","embeddable":true,"href":"https:\/\/www.ags-recordsmanagement.com\/fr\/wp-json\/wp\/v2\/subjects?post=987523918"}],"curies":[{"name":"wp","href":"https:\/\/api.w.org\/{rel}","templated":true}]}}